{"id":4621,"date":"2023-10-19T15:51:41","date_gmt":"2023-10-19T15:51:41","guid":{"rendered":"https:\/\/pp8.kluczbork.pl\/?p=4621"},"modified":"2023-10-19T15:51:41","modified_gmt":"2023-10-19T15:51:41","slug":"urodziny-kubusia-puchatka-w-naszym-przedszkolu","status":"publish","type":"post","link":"https:\/\/pp8.kluczbork.pl\/?p=4621","title":{"rendered":"Urodziny Kubusia Puchatka w naszym przedszkolu"},"content":{"rendered":"<p style=\"text-align: center\"><span style=\"color: #993300\">W naszym przedszkolu obchodzili\u015bmy po raz kolejny \u201eUrodziny Kubusia Puchatka.\u201d <\/span><\/p>\n<p style=\"text-align: center\"><span style=\"color: #993300\">Mi\u015b jest przyjacielem dzieci, wi\u0119c nie\u00a0 wypada zapomnie\u0107 o jego urodzinach&#8230;<\/span><\/p>\n<p>&nbsp;<\/p>\n<p><a href=\"https:\/\/flic.kr\/s\/aHBqjAZ2Ve\">Galeria zdj\u0119\u0107<\/a><\/p>\n","protected":false},"excerpt":{"rendered":"<p>W naszym przedszkolu obchodzili\u015bmy po raz kolejny \u201eUrodziny Kubusia Puchatka.\u201d Mi\u015b jest przyjacielem dzieci, wi\u0119c nie\u00a0 wypada zapomnie\u0107 o jego urodzinach&#8230; &nbsp; Galeria zdj\u0119\u0107<\/p>\n","protected":false},"author":4,"featured_media":3622,"comment_status":"open","ping_status":"open","sticky":false,"template":"","format":"standard","meta":{"ngg_post_thumbnail":0,"footnotes":""},"categories":[31],"tags":[],"_links":{"self":[{"href":"https:\/\/pp8.kluczbork.pl\/index.php?rest_route=\/wp\/v2\/posts\/4621"}],"collection":[{"href":"https:\/\/pp8.kluczbork.pl\/index.php?rest_route=\/wp\/v2\/posts"}],"about":[{"href":"https:\/\/pp8.kluczbork.pl\/index.php?rest_route=\/wp\/v2\/types\/post"}],"author":[{"embeddable":true,"href":"https:\/\/pp8.kluczbork.pl\/index.php?rest_route=\/wp\/v2\/users\/4"}],"replies":[{"embeddable":true,"href":"https:\/\/pp8.kluczbork.pl\/index.php?rest_route=%2Fwp%2Fv2%2Fcomments&post=4621"}],"version-history":[{"count":2,"href":"https:\/\/pp8.kluczbork.pl\/index.php?rest_route=\/wp\/v2\/posts\/4621\/revisions"}],"predecessor-version":[{"id":4623,"href":"https:\/\/pp8.kluczbork.pl\/index.php?rest_route=\/wp\/v2\/posts\/4621\/revisions\/4623"}],"wp:featuredmedia":[{"embeddable":true,"href":"https:\/\/pp8.kluczbork.pl\/index.php?rest_route=\/wp\/v2\/media\/3622"}],"wp:attachment":[{"href":"https:\/\/pp8.kluczbork.pl\/index.php?rest_route=%2Fwp%2Fv2%2Fmedia&parent=4621"}],"wp:term":[{"taxonomy":"category","embeddable":true,"href":"https:\/\/pp8.kluczbork.pl\/index.php?rest_route=%2Fwp%2Fv2%2Fcategories&post=4621"},{"taxonomy":"post_tag","embeddable":true,"href":"https:\/\/pp8.kluczbork.pl\/index.php?rest_route=%2Fwp%2Fv2%2Ftags&post=4621"}],"curies":[{"name":"wp","href":"https:\/\/api.w.org\/{rel}","templated":true}]}}