{"id":4615,"date":"2023-10-19T15:43:57","date_gmt":"2023-10-19T15:43:57","guid":{"rendered":"https:\/\/pp8.kluczbork.pl\/?p=4615"},"modified":"2023-10-19T15:46:34","modified_gmt":"2023-10-19T15:46:34","slug":"przytul-sie-do-drzewa-ogolnopolska-kampania","status":"publish","type":"post","link":"https:\/\/pp8.kluczbork.pl\/?p=4615","title":{"rendered":"Przytul si\u0119 do drzewa &#8211; og\u00f3lnopolska kampania"},"content":{"rendered":"<p>W ramach akcji\u00a0 Przytul si\u0119 do drzewa \u2013 Edycja II,\u00a0 Iga wraz z mam\u0105 wykona\u0142y zdj\u0119cie, kt\u00f3re przes\u0142a\u0142y do organizator\u00f3w akcji za co Iga otrzyma\u0142a dyplom.<\/p>\n<p>Og\u00f3lnopolska kampania PRZYTUL si\u0119 do DRZEWA mia\u0142a na celu zwr\u00f3cenie uwagi na bezpieczne i m\u0105dre poruszanie si\u0119 po lasach, uczula\u0142a na rzeczy, kt\u00f3re mog\u0105 nie\u015bwiadomie doprowadzi\u0107 do po\u017caru.<\/p>\n<p>Dzi\u0119kujemy i gratulujemy!<\/p>\n<p><a href=\"https:\/\/flic.kr\/s\/aHBqjAZ8Co\">Galeria zdj\u0119\u0107<\/a><\/p>\n<p>&nbsp;<\/p>\n","protected":false},"excerpt":{"rendered":"<p>W ramach akcji\u00a0 Przytul si\u0119 do drzewa \u2013 Edycja II,\u00a0 Iga wraz z mam\u0105 wykona\u0142y zdj\u0119cie, kt\u00f3re przes\u0142a\u0142y do organizator\u00f3w akcji za co Iga otrzyma\u0142a dyplom. Og\u00f3lnopolska kampania PRZYTUL si\u0119 do DRZEWA mia\u0142a na celu zwr\u00f3cenie uwagi na bezpieczne i m\u0105dre poruszanie si\u0119 po lasach, uczula\u0142a na rzeczy, kt\u00f3re mog\u0105 [&hellip;]<\/p>\n","protected":false},"author":4,"featured_media":4619,"comment_status":"open","ping_status":"open","sticky":false,"template":"","format":"standard","meta":{"ngg_post_thumbnail":0,"footnotes":""},"categories":[31],"tags":[],"_links":{"self":[{"href":"https:\/\/pp8.kluczbork.pl\/index.php?rest_route=\/wp\/v2\/posts\/4615"}],"collection":[{"href":"https:\/\/pp8.kluczbork.pl\/index.php?rest_route=\/wp\/v2\/posts"}],"about":[{"href":"https:\/\/pp8.kluczbork.pl\/index.php?rest_route=\/wp\/v2\/types\/post"}],"author":[{"embeddable":true,"href":"https:\/\/pp8.kluczbork.pl\/index.php?rest_route=\/wp\/v2\/users\/4"}],"replies":[{"embeddable":true,"href":"https:\/\/pp8.kluczbork.pl\/index.php?rest_route=%2Fwp%2Fv2%2Fcomments&post=4615"}],"version-history":[{"count":3,"href":"https:\/\/pp8.kluczbork.pl\/index.php?rest_route=\/wp\/v2\/posts\/4615\/revisions"}],"predecessor-version":[{"id":4618,"href":"https:\/\/pp8.kluczbork.pl\/index.php?rest_route=\/wp\/v2\/posts\/4615\/revisions\/4618"}],"wp:featuredmedia":[{"embeddable":true,"href":"https:\/\/pp8.kluczbork.pl\/index.php?rest_route=\/wp\/v2\/media\/4619"}],"wp:attachment":[{"href":"https:\/\/pp8.kluczbork.pl\/index.php?rest_route=%2Fwp%2Fv2%2Fmedia&parent=4615"}],"wp:term":[{"taxonomy":"category","embeddable":true,"href":"https:\/\/pp8.kluczbork.pl\/index.php?rest_route=%2Fwp%2Fv2%2Fcategories&post=4615"},{"taxonomy":"post_tag","embeddable":true,"href":"https:\/\/pp8.kluczbork.pl\/index.php?rest_route=%2Fwp%2Fv2%2Ftags&post=4615"}],"curies":[{"name":"wp","href":"https:\/\/api.w.org\/{rel}","templated":true}]}}