{"id":4596,"date":"2023-10-08T18:13:10","date_gmt":"2023-10-08T18:13:10","guid":{"rendered":"https:\/\/pp8.kluczbork.pl\/?p=4596"},"modified":"2024-03-18T13:02:12","modified_gmt":"2024-03-18T13:02:12","slug":"4596","status":"publish","type":"post","link":"https:\/\/pp8.kluczbork.pl\/?p=4596","title":{"rendered":"Sprz\u0105tamy dla Polski"},"content":{"rendered":"<p style=\"font-weight: 400;\"><span style=\"color: #008000;\">W \u015brod\u0119, <strong>4 pa\u017adziernika 2023 roku<\/strong> odby\u0142a si\u0119 kolejna, <strong>VI ju\u017c edycja og\u00f3lnopolskiej akcji #Sprz\u0105tamyDlaPolski,<\/strong> wydarzenie zosta\u0142o obj\u0119te honorowym patronatem Prezesa Rady Ministr\u00f3w Mateusza Morawieckiego.&nbsp;<\/span><br \/>\n<span style=\"color: #008000;\"><strong>G\u0142\u00f3wnym celem przedsi\u0119wzi\u0119cia jest walka z zanieczyszczeniami w lasach, parkach, skwerach i innych terenach zielonych.<\/strong>&nbsp;<strong>Cel ten polega na masowej akcji sprz\u0105tania \u015bwiata, kt\u00f3ry pozwala wyrobi\u0107 w nas nawyki odpowiedzialno\u015bci za \u015brodowisko.<br \/>\n<\/strong><strong>Dzieci z naszego przedszkola sprz\u0105ta\u0142y teren ogrodu przedszkolnego. Wyposa\u017cone w jednorazowe r\u0119kawiczki i worki posprz\u0105ta\u0142y ka\u017cdy k\u0105tek, cho\u0107 pan Konserwator codziennie rano go przegl\u0105da i uprz\u0105ta. Na zako\u0144czenie Akcji, posadzili\u015bmy drzewo na placu przedszkolnym. Co roku &nbsp;sadzimy drzewa, przyczyniaj\u0105c si\u0119 do ochrony \u015brodowiska oraz w trosce o los naszej planety i czystego powietrza.<br \/>\n<\/strong>Na placu przedszkolnym poszukali\u015bmy r\u00f3wnie\u017c najwi\u0119kszego drzewa i przytulili\u015bmy si\u0119 do niego, dzi\u0119kuj\u0105c, \u017ce pozwala nam oddycha\u0107 czystym powietrzem, oczyszczaj\u0105c go. <strong>\u201eDrzewo dba o nas, wi\u0119c my b\u0119dziemy dba\u0107 o niego\u201d<\/strong><strong> \u2013 i dlatego serdecznie mu podziewali\u015bmy, obejmuj\u0105c go mocno, mocno&#8230;. <\/strong><\/span><\/p>\n<p><span style=\"color: #008000;\"><a style=\"color: #008000;\" href=\"https:\/\/flic.kr\/s\/aHBqjAXG2U\">Sprz\u0105tamy Polsk\u0119!<\/a><\/span><\/p>\n","protected":false},"excerpt":{"rendered":"<p>W \u015brod\u0119, 4 pa\u017adziernika 2023 roku odby\u0142a si\u0119 kolejna, VI ju\u017c edycja og\u00f3lnopolskiej akcji #Sprz\u0105tamyDlaPolski, wydarzenie zosta\u0142o obj\u0119te honorowym patronatem Prezesa Rady Ministr\u00f3w Mateusza Morawieckiego.&nbsp; G\u0142\u00f3wnym celem przedsi\u0119wzi\u0119cia jest walka z zanieczyszczeniami w lasach, parkach, skwerach i innych terenach zielonych.&nbsp;Cel ten polega na masowej akcji sprz\u0105tania \u015bwiata, kt\u00f3ry pozwala wyrobi\u0107 [&hellip;]<\/p>\n","protected":false},"author":16,"featured_media":4597,"comment_status":"open","ping_status":"open","sticky":false,"template":"","format":"standard","meta":{"ngg_post_thumbnail":0,"footnotes":""},"categories":[29],"tags":[],"_links":{"self":[{"href":"https:\/\/pp8.kluczbork.pl\/index.php?rest_route=\/wp\/v2\/posts\/4596"}],"collection":[{"href":"https:\/\/pp8.kluczbork.pl\/index.php?rest_route=\/wp\/v2\/posts"}],"about":[{"href":"https:\/\/pp8.kluczbork.pl\/index.php?rest_route=\/wp\/v2\/types\/post"}],"author":[{"embeddable":true,"href":"https:\/\/pp8.kluczbork.pl\/index.php?rest_route=\/wp\/v2\/users\/16"}],"replies":[{"embeddable":true,"href":"https:\/\/pp8.kluczbork.pl\/index.php?rest_route=%2Fwp%2Fv2%2Fcomments&post=4596"}],"version-history":[{"count":2,"href":"https:\/\/pp8.kluczbork.pl\/index.php?rest_route=\/wp\/v2\/posts\/4596\/revisions"}],"predecessor-version":[{"id":4823,"href":"https:\/\/pp8.kluczbork.pl\/index.php?rest_route=\/wp\/v2\/posts\/4596\/revisions\/4823"}],"wp:featuredmedia":[{"embeddable":true,"href":"https:\/\/pp8.kluczbork.pl\/index.php?rest_route=\/wp\/v2\/media\/4597"}],"wp:attachment":[{"href":"https:\/\/pp8.kluczbork.pl\/index.php?rest_route=%2Fwp%2Fv2%2Fmedia&parent=4596"}],"wp:term":[{"taxonomy":"category","embeddable":true,"href":"https:\/\/pp8.kluczbork.pl\/index.php?rest_route=%2Fwp%2Fv2%2Fcategories&post=4596"},{"taxonomy":"post_tag","embeddable":true,"href":"https:\/\/pp8.kluczbork.pl\/index.php?rest_route=%2Fwp%2Fv2%2Ftags&post=4596"}],"curies":[{"name":"wp","href":"https:\/\/api.w.org\/{rel}","templated":true}]}}