{"id":4573,"date":"2023-10-01T15:48:39","date_gmt":"2023-10-01T15:48:39","guid":{"rendered":"https:\/\/pp8.kluczbork.pl\/?p=4573"},"modified":"2023-10-01T20:09:12","modified_gmt":"2023-10-01T20:09:12","slug":"radosne-swieto-chlopcow-w-grupie-madre-sowy","status":"publish","type":"post","link":"https:\/\/pp8.kluczbork.pl\/?p=4573","title":{"rendered":"Radosne \u015awi\u0119to Ch\u0142opc\u00f3w w Grupie M\u0105dre Sowy!"},"content":{"rendered":"<div class=\"flex-1 overflow-hidden\">\n<div class=\"react-scroll-to-bottom--css-kypee-79elbk h-full dark:bg-gray-800\">\n<div class=\"react-scroll-to-bottom--css-kypee-1n7m0yu\">\n<div class=\"flex flex-col text-sm dark:bg-gray-800\">\n<div class=\"group w-full text-token-text-primary border-b border-black\/10 gizmo:border-0 dark:border-gray-900\/50 gizmo:dark:border-0 bg-gray-50 gizmo:bg-transparent dark:bg-[#444654] gizmo:dark:bg-transparent\" data-testid=\"conversation-turn-3\">\n<div class=\"p-4 justify-center text-base md:gap-6 md:py-6 m-auto\">\n<div class=\"flex flex-1 gap-4 text-base mx-auto md:gap-6 gizmo:gap-3 gizmo:md:px-5 gizmo:lg:px-1 gizmo:xl:px-5 md:max-w-2xl lg:max-w-[38rem] gizmo:md:max-w-3xl gizmo:lg:max-w-[40rem] gizmo:xl:max-w-[48rem] xl:max-w-3xl }\">\n<div class=\"relative flex w-[calc(100%-50px)] flex-col gap-1 gizmo:w-full md:gap-3 lg:w-[calc(100%-115px)] agent-turn\">\n<div class=\"flex flex-grow flex-col gap-3 max-w-full\">\n<div class=\"min-h-[20px] flex flex-col items-start gap-3 overflow-x-auto whitespace-pre-wrap break-words\">\n<div class=\"markdown prose w-full break-words dark:prose-invert light\">\n<p><span style=\"font-family: 'comic sans ms', sans-serif;color: #333333\"><strong>Dzie\u0144 Ch\u0142opca<\/strong>\u00a0to wyj\u0105tkowe \u015bwi\u0119to, kt\u00f3re r\u00f3wnie\u017c obchodzili\u015bmy z wielkim entuzjazmem i rado\u015bci\u0105 w grupie M\u0105dre Sowy.\u00a0<\/span><\/p>\n<p><img loading=\"lazy\" decoding=\"async\" class=\"aligncenter wp-image-4574 size-large\" src=\"https:\/\/pp8.kluczbork.pl\/wp-content\/uploads\/2023\/10\/IMG_1819-1024x768.jpg\" alt=\"\" width=\"1024\" height=\"768\" srcset=\"https:\/\/pp8.kluczbork.pl\/wp-content\/uploads\/2023\/10\/IMG_1819-1024x768.jpg 1024w, https:\/\/pp8.kluczbork.pl\/wp-content\/uploads\/2023\/10\/IMG_1819-300x225.jpg 300w, https:\/\/pp8.kluczbork.pl\/wp-content\/uploads\/2023\/10\/IMG_1819-768x576.jpg 768w, https:\/\/pp8.kluczbork.pl\/wp-content\/uploads\/2023\/10\/IMG_1819-1536x1152.jpg 1536w, https:\/\/pp8.kluczbork.pl\/wp-content\/uploads\/2023\/10\/IMG_1819-2048x1536.jpg 2048w\" sizes=\"(max-width: 1024px) 100vw, 1024px\" \/><\/p>\n<p><span style=\"font-family: 'comic sans ms', sans-serif;color: #ff6600\">W tym uroczystym dniu, dziewczynki z <strong>Grupy M\u0105dre Sowy<\/strong>, postanowi\u0142y sprawi\u0107 naszym ch\u0142opcom niezapomniane prze\u017cycia. Dzieci przygotowa\u0142y pe\u0142ne u\u015bmiechu i ciep\u0142a \u017cyczenia oraz w\u0142asnor\u0119cznie pokolorowane pami\u0105tkowe medaleTo by\u0142 prawdziwie magiczny moment, kiedy ch\u0142opcy otrzymywali s\u0142owa wsparcia i \u017cyczliwo\u015bci od swoich kole\u017canek.<\/span><\/p>\n<p><span style=\"font-family: 'comic sans ms', sans-serif;color: #333399\">Nasi przedszkolacy nie tylko wyra\u017cali uczucia s\u0142owami, ale r\u00f3wnie\u017c obdarowali si\u0119 wzajemnie pi\u0119knymi pami\u0105tkowymi upominkami. Ch\u0142opcy otrzymali zestawy klock\u00f3w Lego, kt\u00f3re rozbudz\u0105 ich kreatywno\u015b\u0107 i pomog\u0105 rozwija\u0107 umiej\u0119tno\u015bci logicznego my\u015blenia. Ponadto, ka\u017cdy ch\u0142opiec otrzyma\u0142 r\u00f3wnie\u017c medal, kt\u00f3ry b\u0119dzie przypomina\u0142 im o tym wyj\u0105tkowym dniu przez wiele lat.<\/span><\/p>\n<p style=\"text-align: center\"><img loading=\"lazy\" decoding=\"async\" class=\"alignnone size-medium wp-image-4575\" src=\"https:\/\/pp8.kluczbork.pl\/wp-content\/uploads\/2023\/10\/Image-1-20-300x225.jpg\" alt=\"\" width=\"300\" height=\"225\" srcset=\"https:\/\/pp8.kluczbork.pl\/wp-content\/uploads\/2023\/10\/Image-1-20-300x225.jpg 300w, https:\/\/pp8.kluczbork.pl\/wp-content\/uploads\/2023\/10\/Image-1-20-1024x768.jpg 1024w, https:\/\/pp8.kluczbork.pl\/wp-content\/uploads\/2023\/10\/Image-1-20-768x576.jpg 768w, https:\/\/pp8.kluczbork.pl\/wp-content\/uploads\/2023\/10\/Image-1-20-1536x1152.jpg 1536w, https:\/\/pp8.kluczbork.pl\/wp-content\/uploads\/2023\/10\/Image-1-20.jpg 1600w\" sizes=\"(max-width: 300px) 100vw, 300px\" \/>\u00a0 \u00a0 <img loading=\"lazy\" decoding=\"async\" class=\"alignnone size-medium wp-image-4578\" src=\"https:\/\/pp8.kluczbork.pl\/wp-content\/uploads\/2023\/10\/Image-1-8-225x300.jpg\" alt=\"\" width=\"225\" height=\"300\" srcset=\"https:\/\/pp8.kluczbork.pl\/wp-content\/uploads\/2023\/10\/Image-1-8-225x300.jpg 225w, https:\/\/pp8.kluczbork.pl\/wp-content\/uploads\/2023\/10\/Image-1-8-768x1024.jpg 768w, https:\/\/pp8.kluczbork.pl\/wp-content\/uploads\/2023\/10\/Image-1-8-1152x1536.jpg 1152w, https:\/\/pp8.kluczbork.pl\/wp-content\/uploads\/2023\/10\/Image-1-8.jpg 1200w\" sizes=\"(max-width: 225px) 100vw, 225px\" \/>\u00a0 \u00a0\u00a0 <img loading=\"lazy\" decoding=\"async\" class=\"alignnone size-medium wp-image-4579\" src=\"https:\/\/pp8.kluczbork.pl\/wp-content\/uploads\/2023\/10\/Image-1-5-225x300.jpg\" alt=\"\" width=\"225\" height=\"300\" srcset=\"https:\/\/pp8.kluczbork.pl\/wp-content\/uploads\/2023\/10\/Image-1-5-225x300.jpg 225w, https:\/\/pp8.kluczbork.pl\/wp-content\/uploads\/2023\/10\/Image-1-5-768x1024.jpg 768w, https:\/\/pp8.kluczbork.pl\/wp-content\/uploads\/2023\/10\/Image-1-5-1152x1536.jpg 1152w, https:\/\/pp8.kluczbork.pl\/wp-content\/uploads\/2023\/10\/Image-1-5.jpg 1200w\" sizes=\"(max-width: 225px) 100vw, 225px\" \/><\/p>\n<p><span style=\"font-family: 'comic sans ms', sans-serif;color: #00ff00\">Nasze dziewczynki r\u00f3wnie\u017c nie zosta\u0142y w tyle! Ch\u0142opcy podarowali im urocze upominki, kt\u00f3re by\u0142y wyrazem wdzi\u0119czno\u015bci za pi\u0119kne \u017cyczenia i prezenty. To by\u0142 moment, kt\u00f3ry pokaza\u0142, \u017ce przyja\u017a\u0144 i wsp\u00f3\u0142praca s\u0105 naprawd\u0119 wa\u017cne i warto\u015bciowe.<\/span><\/p>\n<p><span style=\"font-family: 'comic sans ms', sans-serif;color: #3366ff\">Wszystkie dzieci w Grupie M\u0105dre Sowy opu\u015bci\u0142y przedszkole tego dnia z u\u015bmiechem na twarzach i sercach pe\u0142nych ciep\u0142a. To by\u0142 niezapomniany dzie\u0144, kt\u00f3ry na pewno na d\u0142ugo pozostanie w naszych wspomnieniach.<\/span><\/p>\n<p><span style=\"font-family: 'comic sans ms', sans-serif;color: #ff00ff\"><strong>Chcieliby\u015bmy podzi\u0119kowa\u0107 wszystkim rodzicom i opiekunom za wsparcie oraz zaanga\u017cowanie w organizacj\u0119 tego wspania\u0142ego \u015bwi\u0119ta. Dzi\u0119ki Pa\u0144stwu uda\u0142o si\u0119 stworzy\u0107 wyj\u0105tkow\u0105 atmosfer\u0119 i uczyni\u0107 ten dzie\u0144 niezapomnianym dla naszych dzieci. <\/strong><strong>Dzi\u0119kujemy, \u017ce jeste\u015bcie z nami i razem tworzymy w Przedszkolu M\u0105dre Sowy miejsce, gdzie dzieci ucz\u0105 si\u0119 warto\u015bci takich jak przyja\u017a\u0144, empatia i r\u00f3wno\u015b\u0107.<\/strong><\/span><\/p>\n<p><img loading=\"lazy\" decoding=\"async\" class=\"wp-image-4580 size-large aligncenter\" src=\"https:\/\/pp8.kluczbork.pl\/wp-content\/uploads\/2023\/10\/Image-1-3-1024x768.jpg\" alt=\"\" width=\"1024\" height=\"768\" srcset=\"https:\/\/pp8.kluczbork.pl\/wp-content\/uploads\/2023\/10\/Image-1-3-1024x768.jpg 1024w, https:\/\/pp8.kluczbork.pl\/wp-content\/uploads\/2023\/10\/Image-1-3-300x225.jpg 300w, https:\/\/pp8.kluczbork.pl\/wp-content\/uploads\/2023\/10\/Image-1-3-768x576.jpg 768w, https:\/\/pp8.kluczbork.pl\/wp-content\/uploads\/2023\/10\/Image-1-3-1536x1152.jpg 1536w, https:\/\/pp8.kluczbork.pl\/wp-content\/uploads\/2023\/10\/Image-1-3.jpg 1600w\" sizes=\"(max-width: 1024px) 100vw, 1024px\" \/><\/p>\n<p>&nbsp;<\/p>\n<\/div>\n<\/div>\n<\/div>\n<div class=\"flex justify-between empty:hidden lg:block\">\n<div class=\"text-gray-400 flex self-end lg:self-center justify-center gizmo:lg:justify-start mt-2 gizmo:mt-0 visible lg:gap-1 lg:absolute lg:top-0 lg:translate-x-full lg:right-0 lg:mt-0 lg:pl-2 gap-2 md:gap-3\">\n<p>&nbsp;<\/p>\n<div class=\"flex gap-1 gizmo:gap-3\"><\/div>\n<\/div>\n<\/div>\n<\/div>\n<\/div>\n<\/div>\n<\/div>\n<div class=\"h-32 md:h-48 flex-shrink-0\"><\/div>\n<p>&nbsp;<\/p>\n<\/div>\n<\/div>\n<\/div>\n<\/div>\n<div class=\"absolute bottom-0 left-0 w-full border-t md:border-t-0 dark:border-white\/20 md:border-transparent md:dark:border-transparent md:bg-vert-light-gradient bg-white dark:bg-gray-800 md:!bg-transparent dark:md:bg-vert-dark-gradient pt-2 md:pl-2 md:w-[calc(100%-.5rem)]\">\n<div class=\"relative flex h-full flex-1 items-stretch md:flex-col\">\n<div>\n<div class=\"h-full flex ml-1 md:w-full md:m-auto md:mb-4 gap-0 md:gap-2 justify-center\"><\/div>\n<\/div>\n<\/div>\n<\/div>\n","protected":false},"excerpt":{"rendered":"<p>Dzie\u0144 Ch\u0142opca\u00a0to wyj\u0105tkowe \u015bwi\u0119to, kt\u00f3re r\u00f3wnie\u017c obchodzili\u015bmy z wielkim entuzjazmem i rado\u015bci\u0105 w grupie M\u0105dre Sowy.\u00a0 W tym uroczystym dniu, dziewczynki z Grupy M\u0105dre Sowy, postanowi\u0142y sprawi\u0107 naszym ch\u0142opcom niezapomniane prze\u017cycia. Dzieci przygotowa\u0142y pe\u0142ne u\u015bmiechu i ciep\u0142a \u017cyczenia oraz w\u0142asnor\u0119cznie pokolorowane pami\u0105tkowe medaleTo by\u0142 prawdziwie magiczny moment, kiedy ch\u0142opcy otrzymywali [&hellip;]<\/p>\n","protected":false},"author":11,"featured_media":4576,"comment_status":"open","ping_status":"open","sticky":false,"template":"","format":"standard","meta":{"ngg_post_thumbnail":0,"footnotes":""},"categories":[29],"tags":[],"_links":{"self":[{"href":"https:\/\/pp8.kluczbork.pl\/index.php?rest_route=\/wp\/v2\/posts\/4573"}],"collection":[{"href":"https:\/\/pp8.kluczbork.pl\/index.php?rest_route=\/wp\/v2\/posts"}],"about":[{"href":"https:\/\/pp8.kluczbork.pl\/index.php?rest_route=\/wp\/v2\/types\/post"}],"author":[{"embeddable":true,"href":"https:\/\/pp8.kluczbork.pl\/index.php?rest_route=\/wp\/v2\/users\/11"}],"replies":[{"embeddable":true,"href":"https:\/\/pp8.kluczbork.pl\/index.php?rest_route=%2Fwp%2Fv2%2Fcomments&post=4573"}],"version-history":[{"count":8,"href":"https:\/\/pp8.kluczbork.pl\/index.php?rest_route=\/wp\/v2\/posts\/4573\/revisions"}],"predecessor-version":[{"id":4589,"href":"https:\/\/pp8.kluczbork.pl\/index.php?rest_route=\/wp\/v2\/posts\/4573\/revisions\/4589"}],"wp:featuredmedia":[{"embeddable":true,"href":"https:\/\/pp8.kluczbork.pl\/index.php?rest_route=\/wp\/v2\/media\/4576"}],"wp:attachment":[{"href":"https:\/\/pp8.kluczbork.pl\/index.php?rest_route=%2Fwp%2Fv2%2Fmedia&parent=4573"}],"wp:term":[{"taxonomy":"category","embeddable":true,"href":"https:\/\/pp8.kluczbork.pl\/index.php?rest_route=%2Fwp%2Fv2%2Fcategories&post=4573"},{"taxonomy":"post_tag","embeddable":true,"href":"https:\/\/pp8.kluczbork.pl\/index.php?rest_route=%2Fwp%2Fv2%2Ftags&post=4573"}],"curies":[{"name":"wp","href":"https:\/\/api.w.org\/{rel}","templated":true}]}}