{"id":4569,"date":"2023-09-30T09:54:21","date_gmt":"2023-09-30T09:54:21","guid":{"rendered":"https:\/\/pp8.kluczbork.pl\/?p=4569"},"modified":"2023-09-30T09:54:21","modified_gmt":"2023-09-30T09:54:21","slug":"dzien-chlopaka-7","status":"publish","type":"post","link":"https:\/\/pp8.kluczbork.pl\/?p=4569","title":{"rendered":"Dzie\u0144 Ch\u0142opaka."},"content":{"rendered":"<p><span style=\"color: #000080;font-family: 'comic sans ms', sans-serif\"><strong>Z okazji Dnia Ch\u0142opaka<\/strong><\/span><br \/>\n<span style=\"color: #000080;font-family: 'comic sans ms', sans-serif\"><strong>wiele u\u015bmiech\u00f3w, a ma\u0142o z\u0142o\u015bci,<\/strong><\/span><br \/>\n<span style=\"color: #000080;font-family: 'comic sans ms', sans-serif\"><strong>jak najmniej smutk\u00f3w, du\u017co rado\u015bci,<\/strong><\/span><br \/>\n<span style=\"color: #000080;font-family: 'comic sans ms', sans-serif\"><strong>d\u0142ugich wakacji i moc s\u0142odyczy.<\/strong><\/span><br \/>\n<span style=\"color: #000080;font-family: 'comic sans ms', sans-serif\"><strong>Tego Wam Ch\u0142opcy, <\/strong><\/span><span style=\"color: #000080;font-family: 'comic sans ms', sans-serif\"><strong>dziewczynki \u017cycz\u0105!<\/strong><\/span><\/p>\n<p><span style=\"color: #000080;font-family: 'comic sans ms', sans-serif\"><strong>&#8222;Dzie\u0144 Ch\u0142opaka&#8221; to wa\u017cne wydarzenie w \u017cyciu naszej grupy, <\/strong><\/span><br \/>\n<span style=\"color: #000080;font-family: 'comic sans ms', sans-serif\"><strong>to wspania\u0142a okazja do integracji i dobrej zabawy!<\/strong><\/span><br \/>\n<span style=\"color: #000080;font-family: 'comic sans ms', sans-serif\"><strong>Bardzo lubimy i szanujemy naszych &#8222;ch\u0142opak\u00f3w&#8221;, <\/strong><\/span><br \/>\n<span style=\"color: #000080;font-family: 'comic sans ms', sans-serif\"><strong>zawsze b\u0119dziemy pami\u0119ta\u0107 o ich \u015bwi\u0119cie.<\/strong><\/span><br \/>\n<span style=\"color: #000080;font-family: 'comic sans ms', sans-serif\"><strong>Dzi\u0119kujemy rodzicom, \u017ce zawsze mo\u017cemy liczy\u0107 na ich pomoc.<\/strong><\/span><br \/>\n<a href=\"https:\/\/flic.kr\/s\/aHBqjAWEv4\"><span style=\"color: #ff6600;font-family: 'comic sans ms', sans-serif\"><strong>Galeria zdj\u0119\u0107:<\/strong><\/span><\/a><\/p>\n","protected":false},"excerpt":{"rendered":"<p>Z okazji Dnia Ch\u0142opaka wiele u\u015bmiech\u00f3w, a ma\u0142o z\u0142o\u015bci, jak najmniej smutk\u00f3w, du\u017co rado\u015bci, d\u0142ugich wakacji i moc s\u0142odyczy. Tego Wam Ch\u0142opcy, dziewczynki \u017cycz\u0105! &#8222;Dzie\u0144 Ch\u0142opaka&#8221; to wa\u017cne wydarzenie w \u017cyciu naszej grupy, to wspania\u0142a okazja do integracji i dobrej zabawy! Bardzo lubimy i szanujemy naszych &#8222;ch\u0142opak\u00f3w&#8221;, zawsze b\u0119dziemy pami\u0119ta\u0107 [&hellip;]<\/p>\n","protected":false},"author":3,"featured_media":4570,"comment_status":"open","ping_status":"open","sticky":false,"template":"","format":"standard","meta":{"ngg_post_thumbnail":0,"footnotes":""},"categories":[30],"tags":[],"_links":{"self":[{"href":"https:\/\/pp8.kluczbork.pl\/index.php?rest_route=\/wp\/v2\/posts\/4569"}],"collection":[{"href":"https:\/\/pp8.kluczbork.pl\/index.php?rest_route=\/wp\/v2\/posts"}],"about":[{"href":"https:\/\/pp8.kluczbork.pl\/index.php?rest_route=\/wp\/v2\/types\/post"}],"author":[{"embeddable":true,"href":"https:\/\/pp8.kluczbork.pl\/index.php?rest_route=\/wp\/v2\/users\/3"}],"replies":[{"embeddable":true,"href":"https:\/\/pp8.kluczbork.pl\/index.php?rest_route=%2Fwp%2Fv2%2Fcomments&post=4569"}],"version-history":[{"count":1,"href":"https:\/\/pp8.kluczbork.pl\/index.php?rest_route=\/wp\/v2\/posts\/4569\/revisions"}],"predecessor-version":[{"id":4571,"href":"https:\/\/pp8.kluczbork.pl\/index.php?rest_route=\/wp\/v2\/posts\/4569\/revisions\/4571"}],"wp:featuredmedia":[{"embeddable":true,"href":"https:\/\/pp8.kluczbork.pl\/index.php?rest_route=\/wp\/v2\/media\/4570"}],"wp:attachment":[{"href":"https:\/\/pp8.kluczbork.pl\/index.php?rest_route=%2Fwp%2Fv2%2Fmedia&parent=4569"}],"wp:term":[{"taxonomy":"category","embeddable":true,"href":"https:\/\/pp8.kluczbork.pl\/index.php?rest_route=%2Fwp%2Fv2%2Fcategories&post=4569"},{"taxonomy":"post_tag","embeddable":true,"href":"https:\/\/pp8.kluczbork.pl\/index.php?rest_route=%2Fwp%2Fv2%2Ftags&post=4569"}],"curies":[{"name":"wp","href":"https:\/\/api.w.org\/{rel}","templated":true}]}}