{"id":4557,"date":"2023-09-30T07:05:17","date_gmt":"2023-09-30T07:05:17","guid":{"rendered":"https:\/\/pp8.kluczbork.pl\/?p=4557"},"modified":"2023-09-30T07:39:06","modified_gmt":"2023-09-30T07:39:06","slug":"przedszkolak-ratuje","status":"publish","type":"post","link":"https:\/\/pp8.kluczbork.pl\/?p=4557","title":{"rendered":"Przedszkolak Ratuje"},"content":{"rendered":"<p style=\"text-align: center\"><img loading=\"lazy\" decoding=\"async\" class=\"alignnone wp-image-4565 size-large\" src=\"https:\/\/pp8.kluczbork.pl\/wp-content\/uploads\/2023\/09\/IMG_1750-1024x768.jpg\" alt=\"\" width=\"1024\" height=\"768\" srcset=\"https:\/\/pp8.kluczbork.pl\/wp-content\/uploads\/2023\/09\/IMG_1750-1024x768.jpg 1024w, https:\/\/pp8.kluczbork.pl\/wp-content\/uploads\/2023\/09\/IMG_1750-300x225.jpg 300w, https:\/\/pp8.kluczbork.pl\/wp-content\/uploads\/2023\/09\/IMG_1750-768x576.jpg 768w, https:\/\/pp8.kluczbork.pl\/wp-content\/uploads\/2023\/09\/IMG_1750-1536x1152.jpg 1536w, https:\/\/pp8.kluczbork.pl\/wp-content\/uploads\/2023\/09\/IMG_1750.jpg 2016w\" sizes=\"(max-width: 1024px) 100vw, 1024px\" \/><\/p>\n<p style=\"text-align: left\"><span style=\"font-family: 'comic sans ms', sans-serif;color: #333399\"><strong>26 wrze\u015bnia<\/strong> grupa <strong>M\u0105drych S\u00f3w<\/strong> w naszym przedszkolu wzi\u0119\u0142a udzia\u0142 w niezwykle wa\u017cnej lekcji <strong><em>&#8222;Przedszkolak ratuje&#8221;,<\/em><\/strong> kt\u00f3r\u0105 prowadzi\u0142a <strong>Policja Kluczbork<\/strong> we wsp\u00f3\u0142pracy z <strong>Pedagogiczn\u0105 Bibliotek\u0105 Wojew\u00f3dzk\u0105 Opole, oddzia\u0142em Kluczbork. <\/strong>By\u0142a to wyj\u0105tkowa okazja do nauki zasad bezpiecze\u0144stwa oraz udzielania pierwszej pomocy dla naszych ma\u0142ych uczestnik\u00f3w.<\/span><\/p>\n<p style=\"text-align: center\"><img loading=\"lazy\" decoding=\"async\" class=\"alignnone wp-image-4562\" src=\"https:\/\/pp8.kluczbork.pl\/wp-content\/uploads\/2023\/09\/IMG_1569-300x225.jpg\" alt=\"\" width=\"392\" height=\"294\" srcset=\"https:\/\/pp8.kluczbork.pl\/wp-content\/uploads\/2023\/09\/IMG_1569-300x225.jpg 300w, https:\/\/pp8.kluczbork.pl\/wp-content\/uploads\/2023\/09\/IMG_1569-1024x768.jpg 1024w, https:\/\/pp8.kluczbork.pl\/wp-content\/uploads\/2023\/09\/IMG_1569-768x576.jpg 768w, https:\/\/pp8.kluczbork.pl\/wp-content\/uploads\/2023\/09\/IMG_1569-1536x1152.jpg 1536w, https:\/\/pp8.kluczbork.pl\/wp-content\/uploads\/2023\/09\/IMG_1569.jpg 2016w\" sizes=\"(max-width: 392px) 100vw, 392px\" \/>\u00a0 \u00a0 \u00a0 \u00a0 \u00a0 \u00a0 \u00a0 \u00a0 \u00a0 \u00a0 \u00a0 \u00a0 \u00a0 \u00a0 \u00a0<img loading=\"lazy\" decoding=\"async\" class=\"size-medium wp-image-4563 alignnone\" src=\"https:\/\/pp8.kluczbork.pl\/wp-content\/uploads\/2023\/09\/IMG_1664-225x300.jpg\" alt=\"\" width=\"225\" height=\"300\" srcset=\"https:\/\/pp8.kluczbork.pl\/wp-content\/uploads\/2023\/09\/IMG_1664-225x300.jpg 225w, https:\/\/pp8.kluczbork.pl\/wp-content\/uploads\/2023\/09\/IMG_1664-768x1024.jpg 768w, https:\/\/pp8.kluczbork.pl\/wp-content\/uploads\/2023\/09\/IMG_1664-1152x1536.jpg 1152w, https:\/\/pp8.kluczbork.pl\/wp-content\/uploads\/2023\/09\/IMG_1664-rotated.jpg 1512w\" sizes=\"(max-width: 225px) 100vw, 225px\" \/>\u00a0 \u00a0 \u00a0 \u00a0 \u00a0 \u00a0 \u00a0 \u00a0 \u00a0 \u00a0 \u00a0 \u00a0 \u00a0 \u00a0 <img loading=\"lazy\" decoding=\"async\" class=\"alignnone size-medium wp-image-4564\" src=\"https:\/\/pp8.kluczbork.pl\/wp-content\/uploads\/2023\/09\/IMG_1685-225x300.jpg\" alt=\"\" width=\"225\" height=\"300\" srcset=\"https:\/\/pp8.kluczbork.pl\/wp-content\/uploads\/2023\/09\/IMG_1685-225x300.jpg 225w, https:\/\/pp8.kluczbork.pl\/wp-content\/uploads\/2023\/09\/IMG_1685-768x1024.jpg 768w, https:\/\/pp8.kluczbork.pl\/wp-content\/uploads\/2023\/09\/IMG_1685-1152x1536.jpg 1152w, https:\/\/pp8.kluczbork.pl\/wp-content\/uploads\/2023\/09\/IMG_1685-rotated.jpg 1512w\" sizes=\"(max-width: 225px) 100vw, 225px\" \/><\/p>\n<p style=\"text-align: left\"><span style=\"font-family: 'comic sans ms', sans-serif;color: #339966\">Dzieci uczestniczy\u0142y w zaj\u0119ciach, podczas kt\u00f3rych pozna\u0142y podstawowe zasady, jakie nale\u017cy przestrzega\u0107, aby zachowa\u0107 bezpiecze\u0144stwo w r\u00f3\u017cnych sytuacjach. Nauczy\u0142y si\u0119 tak\u017ce, jak reagowa\u0107 w przypadku nag\u0142ych wypadk\u00f3w i jak udziela\u0107 pierwszej pomocy. To nie tylko cenne umiej\u0119tno\u015bci, ale tak\u017ce wiedza, kt\u00f3ra mo\u017ce okaza\u0107 si\u0119 nieoceniona w sytuacjach awaryjnych.<\/span><\/p>\n<p style=\"text-align: center\"><img loading=\"lazy\" decoding=\"async\" class=\"alignnone wp-image-4561 size-large\" src=\"https:\/\/pp8.kluczbork.pl\/wp-content\/uploads\/2023\/09\/IMG_1561-1024x768.jpg\" alt=\"\" width=\"1024\" height=\"768\" srcset=\"https:\/\/pp8.kluczbork.pl\/wp-content\/uploads\/2023\/09\/IMG_1561-1024x768.jpg 1024w, https:\/\/pp8.kluczbork.pl\/wp-content\/uploads\/2023\/09\/IMG_1561-300x225.jpg 300w, https:\/\/pp8.kluczbork.pl\/wp-content\/uploads\/2023\/09\/IMG_1561-768x576.jpg 768w, https:\/\/pp8.kluczbork.pl\/wp-content\/uploads\/2023\/09\/IMG_1561-1536x1152.jpg 1536w, https:\/\/pp8.kluczbork.pl\/wp-content\/uploads\/2023\/09\/IMG_1561.jpg 2016w\" sizes=\"(max-width: 1024px) 100vw, 1024px\" \/><\/p>\n<p style=\"text-align: left\"><span style=\"font-family: 'comic sans ms', sans-serif;color: #800000\">Nasi mali uczestnicy wykazali si\u0119 ogromnym zaanga\u017cowaniem i aktywno\u015bci\u0105 podczas lekcji. W nagrod\u0119 za ich wysi\u0142ek i zaanga\u017cowanie otrzymali pi\u0119kne prezenty, kt\u00f3re z pewno\u015bci\u0105 jeszcze bardziej umocni\u0142y ich motywacj\u0119 do nauki i dzia\u0142ania na rzecz w\u0142asnego bezpiecze\u0144stwa oraz innych.<\/span><\/p>\n<p style=\"text-align: center\"><img loading=\"lazy\" decoding=\"async\" class=\"alignnone wp-image-4560 size-large\" src=\"https:\/\/pp8.kluczbork.pl\/wp-content\/uploads\/2023\/09\/IMG_1548-1024x768.jpg\" alt=\"\" width=\"1024\" height=\"768\" srcset=\"https:\/\/pp8.kluczbork.pl\/wp-content\/uploads\/2023\/09\/IMG_1548-1024x768.jpg 1024w, https:\/\/pp8.kluczbork.pl\/wp-content\/uploads\/2023\/09\/IMG_1548-300x225.jpg 300w, https:\/\/pp8.kluczbork.pl\/wp-content\/uploads\/2023\/09\/IMG_1548-768x576.jpg 768w, https:\/\/pp8.kluczbork.pl\/wp-content\/uploads\/2023\/09\/IMG_1548-1536x1152.jpg 1536w, https:\/\/pp8.kluczbork.pl\/wp-content\/uploads\/2023\/09\/IMG_1548.jpg 2016w\" sizes=\"(max-width: 1024px) 100vw, 1024px\" \/><\/p>\n<p style=\"text-align: left\"><span style=\"font-family: 'comic sans ms', sans-serif;color: #800080\">Serdecznie dzi\u0119kujemy <strong>Policji Kluczbork <\/strong>oraz<strong> Pedagogicznej Bibliotece Wojew\u00f3dzkiej Opole, oddzia\u0142owi Kluczbork,<\/strong> za organizacj\u0119 tej warto\u015bciowej lekcji. Dzi\u0119ki takim inicjatywom nasze dzieci zyskuj\u0105 nie tylko wiedz\u0119, ale tak\u017ce pewno\u015b\u0107 siebie i umiej\u0119tno\u015b\u0107 reagowania w trudnych sytuacjach. To cenne do\u015bwiadczenie, kt\u00f3re z pewno\u015bci\u0105 zostanie z nimi na d\u0142ugo.<\/span><\/p>\n<p style=\"text-align: center\">\n","protected":false},"excerpt":{"rendered":"<p>26 wrze\u015bnia grupa M\u0105drych S\u00f3w w naszym przedszkolu wzi\u0119\u0142a udzia\u0142 w niezwykle wa\u017cnej lekcji &#8222;Przedszkolak ratuje&#8221;, kt\u00f3r\u0105 prowadzi\u0142a Policja Kluczbork we wsp\u00f3\u0142pracy z Pedagogiczn\u0105 Bibliotek\u0105 Wojew\u00f3dzk\u0105 Opole, oddzia\u0142em Kluczbork. By\u0142a to wyj\u0105tkowa okazja do nauki zasad bezpiecze\u0144stwa oraz udzielania pierwszej pomocy dla naszych ma\u0142ych uczestnik\u00f3w. \u00a0 \u00a0 \u00a0 \u00a0 \u00a0 [&hellip;]<\/p>\n","protected":false},"author":11,"featured_media":4453,"comment_status":"open","ping_status":"open","sticky":false,"template":"","format":"standard","meta":{"ngg_post_thumbnail":0,"footnotes":""},"categories":[29],"tags":[],"_links":{"self":[{"href":"https:\/\/pp8.kluczbork.pl\/index.php?rest_route=\/wp\/v2\/posts\/4557"}],"collection":[{"href":"https:\/\/pp8.kluczbork.pl\/index.php?rest_route=\/wp\/v2\/posts"}],"about":[{"href":"https:\/\/pp8.kluczbork.pl\/index.php?rest_route=\/wp\/v2\/types\/post"}],"author":[{"embeddable":true,"href":"https:\/\/pp8.kluczbork.pl\/index.php?rest_route=\/wp\/v2\/users\/11"}],"replies":[{"embeddable":true,"href":"https:\/\/pp8.kluczbork.pl\/index.php?rest_route=%2Fwp%2Fv2%2Fcomments&post=4557"}],"version-history":[{"count":4,"href":"https:\/\/pp8.kluczbork.pl\/index.php?rest_route=\/wp\/v2\/posts\/4557\/revisions"}],"predecessor-version":[{"id":4567,"href":"https:\/\/pp8.kluczbork.pl\/index.php?rest_route=\/wp\/v2\/posts\/4557\/revisions\/4567"}],"wp:featuredmedia":[{"embeddable":true,"href":"https:\/\/pp8.kluczbork.pl\/index.php?rest_route=\/wp\/v2\/media\/4453"}],"wp:attachment":[{"href":"https:\/\/pp8.kluczbork.pl\/index.php?rest_route=%2Fwp%2Fv2%2Fmedia&parent=4557"}],"wp:term":[{"taxonomy":"category","embeddable":true,"href":"https:\/\/pp8.kluczbork.pl\/index.php?rest_route=%2Fwp%2Fv2%2Fcategories&post=4557"},{"taxonomy":"post_tag","embeddable":true,"href":"https:\/\/pp8.kluczbork.pl\/index.php?rest_route=%2Fwp%2Fv2%2Ftags&post=4557"}],"curies":[{"name":"wp","href":"https:\/\/api.w.org\/{rel}","templated":true}]}}