{"id":4550,"date":"2023-09-24T19:12:55","date_gmt":"2023-09-24T19:12:55","guid":{"rendered":"https:\/\/pp8.kluczbork.pl\/?p=4550"},"modified":"2023-09-24T19:12:55","modified_gmt":"2023-09-24T19:12:55","slug":"dzien-przedszkolaka-6","status":"publish","type":"post","link":"https:\/\/pp8.kluczbork.pl\/?p=4550","title":{"rendered":"Dzie\u0144 Przedszkolaka"},"content":{"rendered":"<p><strong><em><span style=\"color: #800000\">Jestem sobie przedszkolaczek.<\/span><\/em><\/strong><\/p>\n<p><strong><em><span style=\"color: #800000\">Moja grupa to Kr\u00f3liczki,<\/span><\/em><\/strong><\/p>\n<p><strong><em><span style=\"color: #800000\">Ja w przedszkolu lubi\u0119 by\u0107 ,<\/span><\/em><\/strong><\/p>\n<p><strong><em><span style=\"color: #800000\">z kole\u017cankami gra\u0107 i bawi\u0107 si\u0119.<\/span><\/em><\/strong><\/p>\n<p><strong><em><span style=\"color: #800000\">Lubi\u0119 kiedy nasza Pani do,<\/span><\/em><\/strong><\/p>\n<p><strong><em><span style=\"color: #800000\">zabawy nas zaprasza.<\/span><\/em><\/strong><\/p>\n<p><strong><em><span style=\"color: #800000\">Nasze przedszkole jest kolorowe wspania\u0142e, \u0142adne i zabawne.<\/span><\/em><\/strong><\/p>\n<p><strong><em><span style=\"color: #800000\">Ma\u0142y jest m\u00f3j zabaw \u015bwiat,<\/span><\/em><\/strong><\/p>\n<p><strong><em><span style=\"color: #800000\">Bowiem mam tylko 5 LAT.<\/span><\/em><\/strong><\/p>\n<p><span style=\"color: #ff0000\">Link do galerii zdj\u0119\u0107: <a href=\"https:\/\/www.flickr.com\/gp\/190489758@N05\/mYJWrAA7td\">https:\/\/www.flickr.com\/gp\/190489758@N05\/mYJWrAA7td<\/a><\/span><\/p>\n<p>&nbsp;<\/p>\n","protected":false},"excerpt":{"rendered":"<p>Jestem sobie przedszkolaczek. Moja grupa to Kr\u00f3liczki, Ja w przedszkolu lubi\u0119 by\u0107 , z kole\u017cankami gra\u0107 i bawi\u0107 si\u0119. Lubi\u0119 kiedy nasza Pani do, zabawy nas zaprasza. Nasze przedszkole jest kolorowe wspania\u0142e, \u0142adne i zabawne. Ma\u0142y jest m\u00f3j zabaw \u015bwiat, Bowiem mam tylko 5 LAT. Link do galerii zdj\u0119\u0107: https:\/\/www.flickr.com\/gp\/190489758@N05\/mYJWrAA7td [&hellip;]<\/p>\n","protected":false},"author":7,"featured_media":4541,"comment_status":"open","ping_status":"open","sticky":false,"template":"","format":"standard","meta":{"ngg_post_thumbnail":0,"footnotes":""},"categories":[27],"tags":[],"_links":{"self":[{"href":"https:\/\/pp8.kluczbork.pl\/index.php?rest_route=\/wp\/v2\/posts\/4550"}],"collection":[{"href":"https:\/\/pp8.kluczbork.pl\/index.php?rest_route=\/wp\/v2\/posts"}],"about":[{"href":"https:\/\/pp8.kluczbork.pl\/index.php?rest_route=\/wp\/v2\/types\/post"}],"author":[{"embeddable":true,"href":"https:\/\/pp8.kluczbork.pl\/index.php?rest_route=\/wp\/v2\/users\/7"}],"replies":[{"embeddable":true,"href":"https:\/\/pp8.kluczbork.pl\/index.php?rest_route=%2Fwp%2Fv2%2Fcomments&post=4550"}],"version-history":[{"count":1,"href":"https:\/\/pp8.kluczbork.pl\/index.php?rest_route=\/wp\/v2\/posts\/4550\/revisions"}],"predecessor-version":[{"id":4551,"href":"https:\/\/pp8.kluczbork.pl\/index.php?rest_route=\/wp\/v2\/posts\/4550\/revisions\/4551"}],"wp:featuredmedia":[{"embeddable":true,"href":"https:\/\/pp8.kluczbork.pl\/index.php?rest_route=\/wp\/v2\/media\/4541"}],"wp:attachment":[{"href":"https:\/\/pp8.kluczbork.pl\/index.php?rest_route=%2Fwp%2Fv2%2Fmedia&parent=4550"}],"wp:term":[{"taxonomy":"category","embeddable":true,"href":"https:\/\/pp8.kluczbork.pl\/index.php?rest_route=%2Fwp%2Fv2%2Fcategories&post=4550"},{"taxonomy":"post_tag","embeddable":true,"href":"https:\/\/pp8.kluczbork.pl\/index.php?rest_route=%2Fwp%2Fv2%2Ftags&post=4550"}],"curies":[{"name":"wp","href":"https:\/\/api.w.org\/{rel}","templated":true}]}}