{"id":4540,"date":"2023-09-23T11:46:34","date_gmt":"2023-09-23T11:46:34","guid":{"rendered":"https:\/\/pp8.kluczbork.pl\/?p=4540"},"modified":"2023-09-23T11:49:48","modified_gmt":"2023-09-23T11:49:48","slug":"swieto-przedszkolaka-w-grupie-madre-sowy","status":"publish","type":"post","link":"https:\/\/pp8.kluczbork.pl\/?p=4540","title":{"rendered":"\u015awi\u0119to Przedszkolaka w Grupie M\u0105dre Sowy!"},"content":{"rendered":"<p style=\"text-align: center\"><img loading=\"lazy\" decoding=\"async\" class=\"alignnone size-full wp-image-4541\" src=\"https:\/\/pp8.kluczbork.pl\/wp-content\/uploads\/2023\/09\/Ldzien1.png\" alt=\"\" width=\"306\" height=\"165\" srcset=\"https:\/\/pp8.kluczbork.pl\/wp-content\/uploads\/2023\/09\/Ldzien1.png 306w, https:\/\/pp8.kluczbork.pl\/wp-content\/uploads\/2023\/09\/Ldzien1-300x162.png 300w\" sizes=\"(max-width: 306px) 100vw, 306px\" \/><\/p>\n<p align=\"center\"><span style=\"font-size: 14pt;color: #ff00ff\"><strong><em>\u201eKa\u017cdy przedszkolak dobrze wie,<\/em><\/strong><\/span><\/p>\n<p align=\"center\"><span style=\"font-size: 14pt;color: #ff00ff\"><strong><em>\u017ce kiedy 20 wrze\u015bnia zbli\u017ca si\u0119,<\/em><\/strong><\/span><\/p>\n<p align=\"center\"><span style=\"font-size: 14pt;color: #ff00ff\"><strong><em>od najm\u0142odszego, a\u017c po starszaka,<\/em><\/strong><\/span><\/p>\n<p align=\"center\"><span style=\"font-size: 14pt;color: #ff00ff\"><strong><em>wszyscy \u015bwi\u0119tuj\u0105 Dzie\u0144 Przedszkolaka&#8221;!<\/em><\/strong><strong><em>\u00a0<\/em><\/strong><\/span><\/p>\n<p align=\"center\"><img loading=\"lazy\" decoding=\"async\" class=\"aligncenter wp-image-4546 size-large\" src=\"https:\/\/pp8.kluczbork.pl\/wp-content\/uploads\/2023\/09\/IMG_1490-1024x768.jpeg\" alt=\"\" width=\"1024\" height=\"768\" srcset=\"https:\/\/pp8.kluczbork.pl\/wp-content\/uploads\/2023\/09\/IMG_1490-1024x768.jpeg 1024w, https:\/\/pp8.kluczbork.pl\/wp-content\/uploads\/2023\/09\/IMG_1490-300x225.jpeg 300w, https:\/\/pp8.kluczbork.pl\/wp-content\/uploads\/2023\/09\/IMG_1490-768x576.jpeg 768w, https:\/\/pp8.kluczbork.pl\/wp-content\/uploads\/2023\/09\/IMG_1490-1536x1152.jpeg 1536w, https:\/\/pp8.kluczbork.pl\/wp-content\/uploads\/2023\/09\/IMG_1490.jpeg 2048w\" sizes=\"(max-width: 1024px) 100vw, 1024px\" \/><\/p>\n<p><span style=\"font-family: 'comic sans ms', sans-serif;font-size: 14pt;color: #993300\"><strong>20 wrze\u015bnia<\/strong> to wyj\u0105tkowy dzie\u0144 dla naszych przedszkolak\u00f3w! To w\u0142a\u015bnie tego dnia Sejm Rzeczypospolitej Polskiej ustanowi\u0142 <strong>Og\u00f3lnopolskim Dniem Przedszkolaka,<\/strong> aby podkre\u015bli\u0107 ogromne znaczenie edukacji przedszkolnej w \u017cyciu ka\u017cdego dziecka. Chcemy dzi\u015b uczci\u0107 t\u0119 wa\u017cn\u0105 dat\u0119 i podzi\u0119kowa\u0107 naszym ma\u0142ym odkrywcom za ich ciekawo\u015b\u0107, rado\u015b\u0107 i rosn\u0105c\u0105 wiedz\u0119.<\/span><\/p>\n<p><span style=\"font-family: 'comic sans ms', sans-serif;font-size: 14pt;color: #3366ff\">Nasza grupa <strong>M\u0105dre Sowy<\/strong> mia\u0142a dzisiaj okazj\u0119 uczestniczy\u0107 w wielu wspania\u0142ych zabawach i konkursach, kt\u00f3re sprawi\u0142y, \u017ce ten dzie\u0144 by\u0142 naprawd\u0119 wyj\u0105tkowy. Dzieci bawi\u0142y si\u0119 przy muzyce, uczestniczy\u0142y w zabawach z chust\u0105 animacyjn\u0105. To by\u0142 prawdziwy festiwal rado\u015bci i u\u015bmiech\u00f3w!<\/span><\/p>\n<p><img loading=\"lazy\" decoding=\"async\" class=\"aligncenter size-large wp-image-4543\" src=\"https:\/\/pp8.kluczbork.pl\/wp-content\/uploads\/2023\/09\/IMG_1404-1024x768.jpeg\" alt=\"\" width=\"1024\" height=\"768\" srcset=\"https:\/\/pp8.kluczbork.pl\/wp-content\/uploads\/2023\/09\/IMG_1404-1024x768.jpeg 1024w, https:\/\/pp8.kluczbork.pl\/wp-content\/uploads\/2023\/09\/IMG_1404-300x225.jpeg 300w, https:\/\/pp8.kluczbork.pl\/wp-content\/uploads\/2023\/09\/IMG_1404-768x576.jpeg 768w, https:\/\/pp8.kluczbork.pl\/wp-content\/uploads\/2023\/09\/IMG_1404-1536x1152.jpeg 1536w, https:\/\/pp8.kluczbork.pl\/wp-content\/uploads\/2023\/09\/IMG_1404.jpeg 2048w\" sizes=\"(max-width: 1024px) 100vw, 1024px\" \/><\/p>\n<p>&nbsp;<\/p>\n<p><span style=\"font-family: 'comic sans ms', sans-serif;font-size: 14pt;color: #ff6600\"><strong>Dzi\u0119kujemy wszystkim Rodzicom za wsparcie i zaufanie, jakim nas obdarzaj\u0105.<\/strong> Nasze przedszkole to miejsce, gdzie dzieci ucz\u0105 si\u0119, rozwijaj\u0105, odkrywaj\u0105 \u015bwiat i buduj\u0105 przyja\u017anie. Dzi\u015b, w Dniu Przedszkolaka, chcemy im podzi\u0119kowa\u0107 za to, \u017ce mo\u017cemy by\u0107 cz\u0119\u015bci\u0105 tego niesamowitego procesu.<\/span><\/p>\n<p><span style=\"font-family: 'comic sans ms', sans-serif;font-size: 14pt;color: #cc99ff\">Rado\u015b\u0107, \u015bmiech i g\u0142o\u015bny doping, kt\u00f3ry towarzyszy\u0142y naszym zabawom, \u015bwiadcz\u0105 o tym, \u017ce sp\u0119dzili\u015bmy razem wspania\u0142y dzie\u0144. Dzi\u0119kujemy wszystkim za udzia\u0142 i \u017cyczymy naszym ma\u0142ym przedszkolakom, aby ka\u017cdy dzie\u0144 ich dzieci\u0144stwa by\u0142 pe\u0142en rado\u015bci, nauki i przyg\u00f3d.<\/span><\/p>\n<p style=\"text-align: center\"><span style=\"font-family: 'comic sans ms', sans-serif;font-size: 18pt;color: #333399\"><strong>Z okazji Og\u00f3lnopolskiego Dnia Przedszkolaka \u017cyczymy wszystkim naszym dzieciom i ich rodzicom wiele u\u015bmiechu, mi\u0142o\u015bci oraz niezapomnianych chwil sp\u0119dzonych razem. <\/strong><\/span><\/p>\n<p style=\"text-align: center\"><span style=\"font-family: 'comic sans ms', sans-serif;font-size: 18pt;color: #993366\"><strong>Niech ta rado\u015b\u0107 towarzyszy nam przez ca\u0142y rok!<\/strong><\/span><\/p>\n<p>&nbsp;<\/p>\n<p><span style=\"font-size: 14pt;font-family: 'comic sans ms', sans-serif;color: #ff0000\">Zapraszamy do naszej <a href=\"https:\/\/flic.kr\/s\/aHBqjAVJWo\"><strong>GALERII.<\/strong><\/a><\/span><\/p>\n<p>&nbsp;<\/p>\n","protected":false},"excerpt":{"rendered":"<p>\u201eKa\u017cdy przedszkolak dobrze wie, \u017ce kiedy 20 wrze\u015bnia zbli\u017ca si\u0119, od najm\u0142odszego, a\u017c po starszaka, wszyscy \u015bwi\u0119tuj\u0105 Dzie\u0144 Przedszkolaka&#8221;!\u00a0 20 wrze\u015bnia to wyj\u0105tkowy dzie\u0144 dla naszych przedszkolak\u00f3w! To w\u0142a\u015bnie tego dnia Sejm Rzeczypospolitej Polskiej ustanowi\u0142 Og\u00f3lnopolskim Dniem Przedszkolaka, aby podkre\u015bli\u0107 ogromne znaczenie edukacji przedszkolnej w \u017cyciu ka\u017cdego dziecka. Chcemy dzi\u015b [&hellip;]<\/p>\n","protected":false},"author":11,"featured_media":4544,"comment_status":"open","ping_status":"open","sticky":false,"template":"","format":"standard","meta":{"ngg_post_thumbnail":0,"footnotes":""},"categories":[29],"tags":[],"_links":{"self":[{"href":"https:\/\/pp8.kluczbork.pl\/index.php?rest_route=\/wp\/v2\/posts\/4540"}],"collection":[{"href":"https:\/\/pp8.kluczbork.pl\/index.php?rest_route=\/wp\/v2\/posts"}],"about":[{"href":"https:\/\/pp8.kluczbork.pl\/index.php?rest_route=\/wp\/v2\/types\/post"}],"author":[{"embeddable":true,"href":"https:\/\/pp8.kluczbork.pl\/index.php?rest_route=\/wp\/v2\/users\/11"}],"replies":[{"embeddable":true,"href":"https:\/\/pp8.kluczbork.pl\/index.php?rest_route=%2Fwp%2Fv2%2Fcomments&post=4540"}],"version-history":[{"count":2,"href":"https:\/\/pp8.kluczbork.pl\/index.php?rest_route=\/wp\/v2\/posts\/4540\/revisions"}],"predecessor-version":[{"id":4549,"href":"https:\/\/pp8.kluczbork.pl\/index.php?rest_route=\/wp\/v2\/posts\/4540\/revisions\/4549"}],"wp:featuredmedia":[{"embeddable":true,"href":"https:\/\/pp8.kluczbork.pl\/index.php?rest_route=\/wp\/v2\/media\/4544"}],"wp:attachment":[{"href":"https:\/\/pp8.kluczbork.pl\/index.php?rest_route=%2Fwp%2Fv2%2Fmedia&parent=4540"}],"wp:term":[{"taxonomy":"category","embeddable":true,"href":"https:\/\/pp8.kluczbork.pl\/index.php?rest_route=%2Fwp%2Fv2%2Fcategories&post=4540"},{"taxonomy":"post_tag","embeddable":true,"href":"https:\/\/pp8.kluczbork.pl\/index.php?rest_route=%2Fwp%2Fv2%2Ftags&post=4540"}],"curies":[{"name":"wp","href":"https:\/\/api.w.org\/{rel}","templated":true}]}}