{"id":4519,"date":"2023-09-21T16:34:48","date_gmt":"2023-09-21T16:34:48","guid":{"rendered":"https:\/\/pp8.kluczbork.pl\/?p=4519"},"modified":"2023-09-21T16:34:48","modified_gmt":"2023-09-21T16:34:48","slug":"dzien-przedszkolaka-2023","status":"publish","type":"post","link":"https:\/\/pp8.kluczbork.pl\/?p=4519","title":{"rendered":"Dzie\u0144 Przedszkolaka 2023"},"content":{"rendered":"<p><span style=\"color: #1678e0;\"><strong><span style=\"font-family: 'comic sans ms', sans-serif; font-size: 14pt;\"><em>\u201eKa\u017cdy przedszkolak dobrze wie,<br \/>\n\u017ce kiedy 20 wrzesie\u0144 zbli\u017ca si\u0119,<br \/>\nod najm\u0142odszego, a\u017c po starszaka,<br \/>\nwszyscy \u015bwi\u0119tuj\u0105 Dzie\u0144 Przedszkolaka&#8221;<\/em><\/span><\/strong><\/span><\/p>\n<p><span style=\"font-family: 'comic sans ms', sans-serif; font-size: 14pt;\">&nbsp;<span style=\"color: #dd3ff2;\">20 wrze\u015bnia&nbsp;&#8211; to dzie\u0144 wa\u017cny dla wszystkich przedszkolak\u00f3w w ca\u0142ej Polsce.&nbsp;\u015awi\u0119to to zosta\u0142o ustanowione, by podkre\u015bli\u0107 wag\u0119 edukacji przedszkolnej w rozwoju i edukacji dzieci i&nbsp; ma przyczyni\u0107 si\u0119 do popularyzacji wychowania przedszkolnego.&nbsp;<\/span><\/span><\/p>\n<p><span style=\"font-family: 'comic sans ms', sans-serif; font-size: 14pt; color: #f0a10e;\">20.09. w \u015brod\u0119 kolejny raz obchodzili\u015bmy w naszym przedszkolu \u015awi\u0119to Przedszkolaka. Tego dnia czeka\u0142o na dzieci wiele niespodzianek i atrakcji. Zosta\u0142y zaproszone do wsp\u00f3lnej zabawy i ta\u0144c\u00f3w przy ulubionych przebojach muzyki dla dzieci. Rado\u015b\u0107 i \u015bmiech \u015bwiadczy\u0142y o wspania\u0142ej zabawie. Z\u0142o\u017cyli\u015bmy wszystkim, maluszkom i starszakom \u017cyczenia samych s\u0142onecznych dni i radosnych chwil w naszym przedszkolu, aby ka\u017cdy dzie\u0144 by\u0142 wspania\u0142\u0105 przygod\u0105&nbsp;i&nbsp;ni\u00f3s\u0142 ze sob\u0105 wiele cudownych&nbsp;i&nbsp;pozytywnych do\u015bwiadcze\u0144.<\/span><\/p>\n<p><span style=\"font-family: 'comic sans ms', sans-serif; font-size: 14pt; color: #0eab4a;\">Niech Wasze marzenia si\u0119 spe\u0142niaj\u0105 !!!<\/span><\/p>\n<p><a href=\"https:\/\/flic.kr\/s\/aHBqjAVB2d\" target=\"_blank\" rel=\"noopener\"><span style=\"font-size: 14pt; color: #ff0000;\"><strong><span style=\"font-family: 'comic sans ms', sans-serif;\">Galeria zdj\u0119\u0107<\/span><\/strong><\/span><\/a><\/p>\n","protected":false},"excerpt":{"rendered":"<p>\u201eKa\u017cdy przedszkolak dobrze wie, \u017ce kiedy 20 wrzesie\u0144 zbli\u017ca si\u0119, od najm\u0142odszego, a\u017c po starszaka, wszyscy \u015bwi\u0119tuj\u0105 Dzie\u0144 Przedszkolaka&#8221; &nbsp;20 wrze\u015bnia&nbsp;&#8211; to dzie\u0144 wa\u017cny dla wszystkich przedszkolak\u00f3w w ca\u0142ej Polsce.&nbsp;\u015awi\u0119to to zosta\u0142o ustanowione, by podkre\u015bli\u0107 wag\u0119 edukacji przedszkolnej w rozwoju i edukacji dzieci i&nbsp; ma przyczyni\u0107 si\u0119 do popularyzacji wychowania [&hellip;]<\/p>\n","protected":false},"author":15,"featured_media":4508,"comment_status":"open","ping_status":"open","sticky":false,"template":"","format":"standard","meta":{"ngg_post_thumbnail":0,"footnotes":""},"categories":[24],"tags":[],"_links":{"self":[{"href":"https:\/\/pp8.kluczbork.pl\/index.php?rest_route=\/wp\/v2\/posts\/4519"}],"collection":[{"href":"https:\/\/pp8.kluczbork.pl\/index.php?rest_route=\/wp\/v2\/posts"}],"about":[{"href":"https:\/\/pp8.kluczbork.pl\/index.php?rest_route=\/wp\/v2\/types\/post"}],"author":[{"embeddable":true,"href":"https:\/\/pp8.kluczbork.pl\/index.php?rest_route=\/wp\/v2\/users\/15"}],"replies":[{"embeddable":true,"href":"https:\/\/pp8.kluczbork.pl\/index.php?rest_route=%2Fwp%2Fv2%2Fcomments&post=4519"}],"version-history":[{"count":1,"href":"https:\/\/pp8.kluczbork.pl\/index.php?rest_route=\/wp\/v2\/posts\/4519\/revisions"}],"predecessor-version":[{"id":4520,"href":"https:\/\/pp8.kluczbork.pl\/index.php?rest_route=\/wp\/v2\/posts\/4519\/revisions\/4520"}],"wp:featuredmedia":[{"embeddable":true,"href":"https:\/\/pp8.kluczbork.pl\/index.php?rest_route=\/wp\/v2\/media\/4508"}],"wp:attachment":[{"href":"https:\/\/pp8.kluczbork.pl\/index.php?rest_route=%2Fwp%2Fv2%2Fmedia&parent=4519"}],"wp:term":[{"taxonomy":"category","embeddable":true,"href":"https:\/\/pp8.kluczbork.pl\/index.php?rest_route=%2Fwp%2Fv2%2Fcategories&post=4519"},{"taxonomy":"post_tag","embeddable":true,"href":"https:\/\/pp8.kluczbork.pl\/index.php?rest_route=%2Fwp%2Fv2%2Ftags&post=4519"}],"curies":[{"name":"wp","href":"https:\/\/api.w.org\/{rel}","templated":true}]}}