{"id":4494,"date":"2023-09-17T17:44:34","date_gmt":"2023-09-17T17:44:34","guid":{"rendered":"https:\/\/pp8.kluczbork.pl\/?p=4494"},"modified":"2023-09-17T17:44:34","modified_gmt":"2023-09-17T17:44:34","slug":"miedzynarodowy-dzien-kropki-3","status":"publish","type":"post","link":"https:\/\/pp8.kluczbork.pl\/?p=4494","title":{"rendered":"Mi\u0119dzynarodowy Dzie\u0144 Kropki"},"content":{"rendered":"<p style=\"margin: 0cm 0cm 18.0pt 0cm\"><span style=\"font-family: Helvetica, sans-serif;color: #003300\">Celem Mi\u0119dzynarodowego Dnia Kropki jest wzbudzenie u dzieci kreatywno\u015bci, pomys\u0142owo\u015bci i zach\u0119cenie ich do tworzenia, dzia\u0142ania.<span id=\"more-20555\"><\/span> Dzie\u0144 Kropki jest to dzie\u0144 odwagi i zabawy. Tego dnia nasze zabawy wype\u0142nione by\u0142y kolorowymi kropkami.Na zaj\u0119ciach poznali\u015bmy genez\u0119 tego \u015bwi\u0119ta. Dzieci uwa\u017cnie wys\u0142ucha\u0142y opowiadania, jak to zwyczajna kropka zmieni\u0142a \u015bwiat ma\u0142ej dziewczynki o imieniu Vashti. Historia ta u\u015bwiadomi\u0142a przedszkolakom, \u017ce ka\u017cdy z nas ma jakie\u015b ukryte zdolno\u015bci, TALENT.<\/span><\/p>\n<p style=\"margin: 0cm 0cm 18.0pt 0cm\"><span style=\"font-family: Helvetica, sans-serif;color: #003300\">Tego dnia r\u00f3wnie\u017c dostrzegali\u015bmy kropki tam, gdzie wcze\u015bniej nikt na nie nie zwraca\u0142 uwagi. Okaza\u0142o si\u0119, \u017ce kropki towarzysz\u0105 nam w naszym codziennym \u017cyciu: s\u0105 w\u00a0kropkach biedronki, z kropki mo\u017cna utworzy\u0107 s\u0142o\u0144ce,\u00a0 bombk\u0119 choinkow\u0105, kolorow\u0105 kul\u0119 czy pi\u0142k\u0119.<\/span><\/p>\n<p style=\"line-height: 2rem;text-align: start;margin: 0cm 0cm 18pt\"><span style=\"font-family: Helvetica, sans-serif;color: #ff00ff\">BY\u0141O KOLOROWO, \u201eKROPKOWO\u201d I RADO\u015aNIE.<\/span><\/p>\n<p>Link do galerii zdj\u0119\u0107:<a href=\"https:\/\/www.flickr.com\/gp\/190489758@N05\/31t639P0n4\">https:\/\/www.flickr.com\/gp\/190489758@N05\/31t639P0n4<\/a><\/p>\n<p>&nbsp;<\/p>\n","protected":false},"excerpt":{"rendered":"<p>Celem Mi\u0119dzynarodowego Dnia Kropki jest wzbudzenie u dzieci kreatywno\u015bci, pomys\u0142owo\u015bci i zach\u0119cenie ich do tworzenia, dzia\u0142ania. Dzie\u0144 Kropki jest to dzie\u0144 odwagi i zabawy. Tego dnia nasze zabawy wype\u0142nione by\u0142y kolorowymi kropkami.Na zaj\u0119ciach poznali\u015bmy genez\u0119 tego \u015bwi\u0119ta. Dzieci uwa\u017cnie wys\u0142ucha\u0142y opowiadania, jak to zwyczajna kropka zmieni\u0142a \u015bwiat ma\u0142ej dziewczynki o [&hellip;]<\/p>\n","protected":false},"author":7,"featured_media":2803,"comment_status":"open","ping_status":"open","sticky":false,"template":"","format":"standard","meta":{"ngg_post_thumbnail":0,"footnotes":""},"categories":[27],"tags":[],"_links":{"self":[{"href":"https:\/\/pp8.kluczbork.pl\/index.php?rest_route=\/wp\/v2\/posts\/4494"}],"collection":[{"href":"https:\/\/pp8.kluczbork.pl\/index.php?rest_route=\/wp\/v2\/posts"}],"about":[{"href":"https:\/\/pp8.kluczbork.pl\/index.php?rest_route=\/wp\/v2\/types\/post"}],"author":[{"embeddable":true,"href":"https:\/\/pp8.kluczbork.pl\/index.php?rest_route=\/wp\/v2\/users\/7"}],"replies":[{"embeddable":true,"href":"https:\/\/pp8.kluczbork.pl\/index.php?rest_route=%2Fwp%2Fv2%2Fcomments&post=4494"}],"version-history":[{"count":1,"href":"https:\/\/pp8.kluczbork.pl\/index.php?rest_route=\/wp\/v2\/posts\/4494\/revisions"}],"predecessor-version":[{"id":4495,"href":"https:\/\/pp8.kluczbork.pl\/index.php?rest_route=\/wp\/v2\/posts\/4494\/revisions\/4495"}],"wp:featuredmedia":[{"embeddable":true,"href":"https:\/\/pp8.kluczbork.pl\/index.php?rest_route=\/wp\/v2\/media\/2803"}],"wp:attachment":[{"href":"https:\/\/pp8.kluczbork.pl\/index.php?rest_route=%2Fwp%2Fv2%2Fmedia&parent=4494"}],"wp:term":[{"taxonomy":"category","embeddable":true,"href":"https:\/\/pp8.kluczbork.pl\/index.php?rest_route=%2Fwp%2Fv2%2Fcategories&post=4494"},{"taxonomy":"post_tag","embeddable":true,"href":"https:\/\/pp8.kluczbork.pl\/index.php?rest_route=%2Fwp%2Fv2%2Ftags&post=4494"}],"curies":[{"name":"wp","href":"https:\/\/api.w.org\/{rel}","templated":true}]}}