{"id":4492,"date":"2023-09-17T17:37:32","date_gmt":"2023-09-17T17:37:32","guid":{"rendered":"https:\/\/pp8.kluczbork.pl\/?p=4492"},"modified":"2023-09-17T17:37:32","modified_gmt":"2023-09-17T17:37:32","slug":"teddy-eddie-w-przedszkolu","status":"publish","type":"post","link":"https:\/\/pp8.kluczbork.pl\/?p=4492","title":{"rendered":"Teddy Eddie w przedszkolu"},"content":{"rendered":"<p style=\"text-align: center\"><span style=\"font-size: 14pt;color: #0000ff\">SPOTKANIE Z MISIEM &#8222;EDDIEM&#8221;<\/span><\/p>\n<p><span style=\"color: #003366\">W czwartek o7.09.2023r., w naszym przedszkolu odby\u0142y si\u0119 zabawy j\u0119zykowe z przedstawicielami szko\u0142y j\u0119zykowej \u201eTeddy Eddie\u201d i jej maskotk\u0105. Dzieci pozna\u0142y nowe piosenki, mia\u0142y mo\u017cliwo\u015b\u0107 nawi\u0105za\u0107 kr\u00f3tk\u0105 relacje z maskotk\u0105, a tak\u017ce ogl\u0105dn\u0105\u0107 kr\u00f3tki film o przygodach \u201eEddiego\u201d.<\/span><\/p>\n<p><span style=\"color: #333399\">Link do galerii zdj\u0119\u0107:\u00a0<a href=\"https:\/\/www.flickr.com\/gp\/190489758@N05\/a5o46620Mz\">https:\/\/www.flickr.com\/gp\/190489758@N05\/a5o46620Mz<\/a><\/span><\/p>\n<p>&nbsp;<\/p>\n","protected":false},"excerpt":{"rendered":"<p>SPOTKANIE Z MISIEM &#8222;EDDIEM&#8221; W czwartek o7.09.2023r., w naszym przedszkolu odby\u0142y si\u0119 zabawy j\u0119zykowe z przedstawicielami szko\u0142y j\u0119zykowej \u201eTeddy Eddie\u201d i jej maskotk\u0105. Dzieci pozna\u0142y nowe piosenki, mia\u0142y mo\u017cliwo\u015b\u0107 nawi\u0105za\u0107 kr\u00f3tk\u0105 relacje z maskotk\u0105, a tak\u017ce ogl\u0105dn\u0105\u0107 kr\u00f3tki film o przygodach \u201eEddiego\u201d. Link do galerii zdj\u0119\u0107:\u00a0https:\/\/www.flickr.com\/gp\/190489758@N05\/a5o46620Mz &nbsp;<\/p>\n","protected":false},"author":7,"featured_media":4483,"comment_status":"open","ping_status":"open","sticky":false,"template":"","format":"standard","meta":{"ngg_post_thumbnail":0,"footnotes":""},"categories":[27],"tags":[],"_links":{"self":[{"href":"https:\/\/pp8.kluczbork.pl\/index.php?rest_route=\/wp\/v2\/posts\/4492"}],"collection":[{"href":"https:\/\/pp8.kluczbork.pl\/index.php?rest_route=\/wp\/v2\/posts"}],"about":[{"href":"https:\/\/pp8.kluczbork.pl\/index.php?rest_route=\/wp\/v2\/types\/post"}],"author":[{"embeddable":true,"href":"https:\/\/pp8.kluczbork.pl\/index.php?rest_route=\/wp\/v2\/users\/7"}],"replies":[{"embeddable":true,"href":"https:\/\/pp8.kluczbork.pl\/index.php?rest_route=%2Fwp%2Fv2%2Fcomments&post=4492"}],"version-history":[{"count":1,"href":"https:\/\/pp8.kluczbork.pl\/index.php?rest_route=\/wp\/v2\/posts\/4492\/revisions"}],"predecessor-version":[{"id":4493,"href":"https:\/\/pp8.kluczbork.pl\/index.php?rest_route=\/wp\/v2\/posts\/4492\/revisions\/4493"}],"wp:featuredmedia":[{"embeddable":true,"href":"https:\/\/pp8.kluczbork.pl\/index.php?rest_route=\/wp\/v2\/media\/4483"}],"wp:attachment":[{"href":"https:\/\/pp8.kluczbork.pl\/index.php?rest_route=%2Fwp%2Fv2%2Fmedia&parent=4492"}],"wp:term":[{"taxonomy":"category","embeddable":true,"href":"https:\/\/pp8.kluczbork.pl\/index.php?rest_route=%2Fwp%2Fv2%2Fcategories&post=4492"},{"taxonomy":"post_tag","embeddable":true,"href":"https:\/\/pp8.kluczbork.pl\/index.php?rest_route=%2Fwp%2Fv2%2Ftags&post=4492"}],"curies":[{"name":"wp","href":"https:\/\/api.w.org\/{rel}","templated":true}]}}