{"id":4487,"date":"2023-09-17T16:39:04","date_gmt":"2023-09-17T16:39:04","guid":{"rendered":"https:\/\/pp8.kluczbork.pl\/?p=4487"},"modified":"2023-09-17T16:40:50","modified_gmt":"2023-09-17T16:40:50","slug":"dzien-kropki-7","status":"publish","type":"post","link":"https:\/\/pp8.kluczbork.pl\/?p=4487","title":{"rendered":"Dzie\u0144 Kropki."},"content":{"rendered":"<p>15 (wrze\u015bnia w naszym przedszkolu obchodzili\u015bmy Mi\u0119dzynarodowy Dzie\u0144 Kropki.<br \/>\nCelem Mi\u0119dzynarodowego Dnia Kropki jest wzbudzenie u dzieci kreatywno\u015bci, pomys\u0142owo\u015bci i zach\u0119cenie ich do tworzenia, dzia\u0142ania.<br \/>\nDzie\u0144 Kropki jest to dzie\u0144 odwagi i zabawy. Tego dnia nasze zabawy wype\u0142nione by\u0142y kolorowymi kropkami.<br \/>\nNa zaj\u0119ciach poznali\u015bmy genez\u0119 tego \u015bwi\u0119ta. Dzieci uwa\u017cnie obejrza\u0142y bajk\u0119,<br \/>\njak to zwyczajna kropka zmieni\u0142a \u015bwiat ma\u0142ej dziewczynki o imieniu Vashti.<br \/>\nHistoria ta u\u015bwiadomi\u0142a przedszkolakom, \u017ce ka\u017cdy z nas ma jakie\u015b ukryte zdolno\u015bci, TALENT.<br \/>\nTego dnia r\u00f3wnie\u017c dostrzegali\u015bmy kropki tam, gdzie wcze\u015bniej nikt na nie nie zwraca\u0142 uwagi.<br \/>\nOkaza\u0142o si\u0119, \u017ce kropki towarzysz\u0105 nam w naszym codziennym \u017cyciu: s\u0105 w kropkach biedronki,<br \/>\nz kropki mo\u017cna utworzy\u0107 s\u0142o\u0144ce, bombk\u0119 choinkow\u0105, kolorow\u0105 kul\u0119, pi\u0142k\u0119&#8230;<br \/>\nRado\u015bci i u\u015bmiechu oraz fantazji w stawianiu kolorowych kropek nie zabrak\u0142o.<br \/>\nP\u00f3\u017aniej bawili\u015bmy si\u0119 w szukanie kropki, ustawianie si\u0119 na kropce w \u0142apanie kropki.<br \/>\nNa zako\u0144czenie wszystkich zabaw zaprosi\u0142y\u015bmy dzieci do pierwszej \u201ema\u0142ej\u201d sesji zdj\u0119ciowej z ramk\u0105 w kropki.<br \/>\nI to ju\u017c koniec tegorocznego \u015awi\u0119ta Kropki, ale o tym, \u017ce trzeba wierzy\u0107 we w\u0142asne mo\u017cliwo\u015bci postaramy si\u0119 pami\u0119ta\u0107 przez ca\u0142y rok.<\/p>\n<p><a href=\"https:\/\/flic.kr\/s\/aHBqjAV2Wj\">Galeria zdj\u0119\u0107:<\/a><\/p>\n","protected":false},"excerpt":{"rendered":"<p>15 (wrze\u015bnia w naszym przedszkolu obchodzili\u015bmy Mi\u0119dzynarodowy Dzie\u0144 Kropki. Celem Mi\u0119dzynarodowego Dnia Kropki jest wzbudzenie u dzieci kreatywno\u015bci, pomys\u0142owo\u015bci i zach\u0119cenie ich do tworzenia, dzia\u0142ania. Dzie\u0144 Kropki jest to dzie\u0144 odwagi i zabawy. Tego dnia nasze zabawy wype\u0142nione by\u0142y kolorowymi kropkami. Na zaj\u0119ciach poznali\u015bmy genez\u0119 tego \u015bwi\u0119ta. Dzieci uwa\u017cnie obejrza\u0142y [&hellip;]<\/p>\n","protected":false},"author":3,"featured_media":4488,"comment_status":"open","ping_status":"open","sticky":false,"template":"","format":"standard","meta":{"ngg_post_thumbnail":0,"footnotes":""},"categories":[30],"tags":[],"_links":{"self":[{"href":"https:\/\/pp8.kluczbork.pl\/index.php?rest_route=\/wp\/v2\/posts\/4487"}],"collection":[{"href":"https:\/\/pp8.kluczbork.pl\/index.php?rest_route=\/wp\/v2\/posts"}],"about":[{"href":"https:\/\/pp8.kluczbork.pl\/index.php?rest_route=\/wp\/v2\/types\/post"}],"author":[{"embeddable":true,"href":"https:\/\/pp8.kluczbork.pl\/index.php?rest_route=\/wp\/v2\/users\/3"}],"replies":[{"embeddable":true,"href":"https:\/\/pp8.kluczbork.pl\/index.php?rest_route=%2Fwp%2Fv2%2Fcomments&post=4487"}],"version-history":[{"count":2,"href":"https:\/\/pp8.kluczbork.pl\/index.php?rest_route=\/wp\/v2\/posts\/4487\/revisions"}],"predecessor-version":[{"id":4490,"href":"https:\/\/pp8.kluczbork.pl\/index.php?rest_route=\/wp\/v2\/posts\/4487\/revisions\/4490"}],"wp:featuredmedia":[{"embeddable":true,"href":"https:\/\/pp8.kluczbork.pl\/index.php?rest_route=\/wp\/v2\/media\/4488"}],"wp:attachment":[{"href":"https:\/\/pp8.kluczbork.pl\/index.php?rest_route=%2Fwp%2Fv2%2Fmedia&parent=4487"}],"wp:term":[{"taxonomy":"category","embeddable":true,"href":"https:\/\/pp8.kluczbork.pl\/index.php?rest_route=%2Fwp%2Fv2%2Fcategories&post=4487"},{"taxonomy":"post_tag","embeddable":true,"href":"https:\/\/pp8.kluczbork.pl\/index.php?rest_route=%2Fwp%2Fv2%2Ftags&post=4487"}],"curies":[{"name":"wp","href":"https:\/\/api.w.org\/{rel}","templated":true}]}}