{"id":4444,"date":"2023-06-29T19:02:25","date_gmt":"2023-06-29T19:02:25","guid":{"rendered":"https:\/\/pp8.kluczbork.pl\/?p=4444"},"modified":"2023-06-29T19:02:25","modified_gmt":"2023-06-29T19:02:25","slug":"zakonczenie-roku-przedszkolnego-pozegnanie-6-latkow","status":"publish","type":"post","link":"https:\/\/pp8.kluczbork.pl\/?p=4444","title":{"rendered":"Zako\u0144czenie roku przedszkolnego &#8211; po\u017cegnanie 6-latk\u00f3w"},"content":{"rendered":"<p style=\"text-align: center\"><span style=\"font-family: 'comic sans ms', sans-serif;color: #666699\">Sko\u0144czy\u0142y si\u0119 figle<\/span><\/p>\n<p style=\"text-align: center\"><span style=\"font-family: 'comic sans ms', sans-serif;color: #666699\">sko\u0144czy\u0142y swawole.\u00a0<\/span><\/p>\n<p style=\"text-align: center\"><span style=\"font-family: 'comic sans ms', sans-serif;color: #666699\">\u017begnaj dzi\u015b <\/span><\/p>\n<p style=\"text-align: center\"><span style=\"font-family: 'comic sans ms', sans-serif;color: #666699\">nasze kochane przedszkole.<\/span><\/p>\n<p style=\"text-align: center\"><span style=\"font-family: 'comic sans ms', sans-serif;color: #666699\">W tym dniu uroczystym<\/span><\/p>\n<p style=\"text-align: center\"><span style=\"font-family: 'comic sans ms', sans-serif;color: #666699\">podzi\u0119kowa\u0107 chcemy.<\/span><\/p>\n<p style=\"text-align: center\"><span style=\"font-family: 'comic sans ms', sans-serif;color: #666699\">Za\u015bpiewa\u0107, zata\u0144czy\u0107\u00a0<\/span><\/p>\n<p style=\"text-align: center\"><span style=\"font-family: 'comic sans ms', sans-serif;color: #666699\">jak tylko umiemy.<\/span><\/p>\n<p>&nbsp;<\/p>\n<p><a href=\"https:\/\/flic.kr\/s\/aHBqjAKF2D\">Galeria zdj\u0119\u0107<\/a><\/p>\n<p>&nbsp;<\/p>\n","protected":false},"excerpt":{"rendered":"<p>Sko\u0144czy\u0142y si\u0119 figle sko\u0144czy\u0142y swawole.\u00a0 \u017begnaj dzi\u015b nasze kochane przedszkole. W tym dniu uroczystym podzi\u0119kowa\u0107 chcemy. Za\u015bpiewa\u0107, zata\u0144czy\u0107\u00a0 jak tylko umiemy. &nbsp; Galeria zdj\u0119\u0107 &nbsp;<\/p>\n","protected":false},"author":4,"featured_media":4445,"comment_status":"open","ping_status":"open","sticky":false,"template":"","format":"standard","meta":{"ngg_post_thumbnail":0,"footnotes":""},"categories":[31],"tags":[],"_links":{"self":[{"href":"https:\/\/pp8.kluczbork.pl\/index.php?rest_route=\/wp\/v2\/posts\/4444"}],"collection":[{"href":"https:\/\/pp8.kluczbork.pl\/index.php?rest_route=\/wp\/v2\/posts"}],"about":[{"href":"https:\/\/pp8.kluczbork.pl\/index.php?rest_route=\/wp\/v2\/types\/post"}],"author":[{"embeddable":true,"href":"https:\/\/pp8.kluczbork.pl\/index.php?rest_route=\/wp\/v2\/users\/4"}],"replies":[{"embeddable":true,"href":"https:\/\/pp8.kluczbork.pl\/index.php?rest_route=%2Fwp%2Fv2%2Fcomments&post=4444"}],"version-history":[{"count":1,"href":"https:\/\/pp8.kluczbork.pl\/index.php?rest_route=\/wp\/v2\/posts\/4444\/revisions"}],"predecessor-version":[{"id":4446,"href":"https:\/\/pp8.kluczbork.pl\/index.php?rest_route=\/wp\/v2\/posts\/4444\/revisions\/4446"}],"wp:featuredmedia":[{"embeddable":true,"href":"https:\/\/pp8.kluczbork.pl\/index.php?rest_route=\/wp\/v2\/media\/4445"}],"wp:attachment":[{"href":"https:\/\/pp8.kluczbork.pl\/index.php?rest_route=%2Fwp%2Fv2%2Fmedia&parent=4444"}],"wp:term":[{"taxonomy":"category","embeddable":true,"href":"https:\/\/pp8.kluczbork.pl\/index.php?rest_route=%2Fwp%2Fv2%2Fcategories&post=4444"},{"taxonomy":"post_tag","embeddable":true,"href":"https:\/\/pp8.kluczbork.pl\/index.php?rest_route=%2Fwp%2Fv2%2Ftags&post=4444"}],"curies":[{"name":"wp","href":"https:\/\/api.w.org\/{rel}","templated":true}]}}