{"id":4436,"date":"2023-06-25T12:07:01","date_gmt":"2023-06-25T12:07:01","guid":{"rendered":"https:\/\/pp8.kluczbork.pl\/?p=4436"},"modified":"2023-06-25T12:07:01","modified_gmt":"2023-06-25T12:07:01","slug":"bezpieczne-wakacje-wizyta-policjantow-w-naszym-przedszkolu","status":"publish","type":"post","link":"https:\/\/pp8.kluczbork.pl\/?p=4436","title":{"rendered":"&#8217;BEZPIECZNE WAKACJE&#8217; &#8211; WIZYTA POLICJANT\u00d3W W NASZYM PRZEDSZKOLU&#8221;"},"content":{"rendered":"<p><img loading=\"lazy\" decoding=\"async\" class=\"aligncenter wp-image-4439 size-full\" src=\"https:\/\/pp8.kluczbork.pl\/wp-content\/uploads\/2023\/06\/WhatsApp-Image-2023-06-24-at-7.43.46-PM-1.jpeg\" alt=\"\" width=\"1024\" height=\"768\" srcset=\"https:\/\/pp8.kluczbork.pl\/wp-content\/uploads\/2023\/06\/WhatsApp-Image-2023-06-24-at-7.43.46-PM-1.jpeg 1024w, https:\/\/pp8.kluczbork.pl\/wp-content\/uploads\/2023\/06\/WhatsApp-Image-2023-06-24-at-7.43.46-PM-1-300x225.jpeg 300w, https:\/\/pp8.kluczbork.pl\/wp-content\/uploads\/2023\/06\/WhatsApp-Image-2023-06-24-at-7.43.46-PM-1-768x576.jpeg 768w\" sizes=\"(max-width: 1024px) 100vw, 1024px\" \/><\/p>\n<p><span style=\"font-family: 'comic sans ms', sans-serif;font-size: 14pt;color: #0000ff\">Wizyta policjant\u00f3w z <strong>Komendy Powiatowej Policji w Kluczborku<\/strong> w naszym przedszkolu by\u0142a cz\u0119\u015bci\u0105 przygotowa\u0144 do letnich wakacji. Jej celem by\u0142o zapewnienie dzieciom bezpiecznego i \u015bwiadomego wypoczynku, a tak\u017ce edukacja na temat odpowiedzialno\u015bci i zagro\u017ce\u0144, z kt\u00f3rymi mog\u0105 si\u0119 spotka\u0107.<\/span><\/p>\n<p><span style=\"font-family: 'comic sans ms', sans-serif;font-size: 14pt;color: #0000ff\">Policjanci przekazali dzieciom informacje na temat bezpiecznego zachowania w obecno\u015bci ps\u00f3w oraz ochrony przed ewentualnymi zagro\u017ceniami. Wsp\u00f3lna zabawa, pod czujnym okiem opiekun\u00f3w i policjant\u00f3w, integrowa\u0142a dzieci i jednocze\u015bnie uczy\u0142a ich o niebezpiecze\u0144stwach, jakie mog\u0105 czyha\u0107 na nie podczas letniego wypoczynku.<\/span><\/p>\n<p><img loading=\"lazy\" decoding=\"async\" class=\"aligncenter wp-image-4440 size-full\" src=\"https:\/\/pp8.kluczbork.pl\/wp-content\/uploads\/2023\/06\/WhatsApp-Image-2023-06-24-at-7.43.46-PM.jpeg\" alt=\"\" width=\"768\" height=\"1024\" srcset=\"https:\/\/pp8.kluczbork.pl\/wp-content\/uploads\/2023\/06\/WhatsApp-Image-2023-06-24-at-7.43.46-PM.jpeg 768w, https:\/\/pp8.kluczbork.pl\/wp-content\/uploads\/2023\/06\/WhatsApp-Image-2023-06-24-at-7.43.46-PM-225x300.jpeg 225w\" sizes=\"(max-width: 768px) 100vw, 768px\" \/><\/p>\n<p><span style=\"font-family: 'comic sans ms', sans-serif;font-size: 14pt;color: #0000ff\">Podczas spotkania szczeg\u00f3lny nacisk po\u0142o\u017cono na zagro\u017cenia zwi\u0105zane z wod\u0105 i zachowaniem bezpiecze\u0144stwa nad wod\u0105. Policjanci u\u015bwiadamiali dzieciom, jak nale\u017cy si\u0119 zachowywa\u0107 zar\u00f3wno w domu, jak i poza nim, aby unikn\u0105\u0107 niebezpiecze\u0144stw.<\/span><\/p>\n<p><img loading=\"lazy\" decoding=\"async\" class=\"aligncenter wp-image-4437 size-full\" src=\"https:\/\/pp8.kluczbork.pl\/wp-content\/uploads\/2023\/06\/WhatsApp-Image-2023-06-24-at-7.43.45-PM-1.jpeg\" alt=\"\" width=\"768\" height=\"1024\" srcset=\"https:\/\/pp8.kluczbork.pl\/wp-content\/uploads\/2023\/06\/WhatsApp-Image-2023-06-24-at-7.43.45-PM-1.jpeg 768w, https:\/\/pp8.kluczbork.pl\/wp-content\/uploads\/2023\/06\/WhatsApp-Image-2023-06-24-at-7.43.45-PM-1-225x300.jpeg 225w\" sizes=\"(max-width: 768px) 100vw, 768px\" \/><\/p>\n<p><span style=\"font-family: 'comic sans ms', sans-serif;font-size: 14pt;color: #0000ff\">Na zako\u0144czenie wizyty dzieci mia\u0142y okazj\u0119 wsi\u0105\u015b\u0107 do radiowozu i w\u0142\u0105czy\u0107 sygna\u0142 policyjny, co sprawi\u0142o im najwi\u0119ksz\u0105 rado\u015b\u0107. Spotkanie z policjantami by\u0142o nie tylko edukacyjne, ale tak\u017ce pe\u0142ne emocji i pozytywnych do\u015bwiadcze\u0144 dla przedszkolak\u00f3w.<\/span><\/p>\n<p>&nbsp;<\/p>\n<p>&nbsp;<\/p>\n<p style=\"text-align: center\"><span style=\"color: #ff0000\"><strong><span style=\"font-family: 'comic sans ms', sans-serif;font-size: 14pt\">Serdecznie dzi\u0119kujemy!<\/span><\/strong><\/span><\/p>\n","protected":false},"excerpt":{"rendered":"<p>Wizyta policjant\u00f3w z Komendy Powiatowej Policji w Kluczborku w naszym przedszkolu by\u0142a cz\u0119\u015bci\u0105 przygotowa\u0144 do letnich wakacji. Jej celem by\u0142o zapewnienie dzieciom bezpiecznego i \u015bwiadomego wypoczynku, a tak\u017ce edukacja na temat odpowiedzialno\u015bci i zagro\u017ce\u0144, z kt\u00f3rymi mog\u0105 si\u0119 spotka\u0107. Policjanci przekazali dzieciom informacje na temat bezpiecznego zachowania w obecno\u015bci ps\u00f3w [&hellip;]<\/p>\n","protected":false},"author":11,"featured_media":4438,"comment_status":"open","ping_status":"open","sticky":false,"template":"","format":"standard","meta":{"ngg_post_thumbnail":0,"footnotes":""},"categories":[28],"tags":[],"_links":{"self":[{"href":"https:\/\/pp8.kluczbork.pl\/index.php?rest_route=\/wp\/v2\/posts\/4436"}],"collection":[{"href":"https:\/\/pp8.kluczbork.pl\/index.php?rest_route=\/wp\/v2\/posts"}],"about":[{"href":"https:\/\/pp8.kluczbork.pl\/index.php?rest_route=\/wp\/v2\/types\/post"}],"author":[{"embeddable":true,"href":"https:\/\/pp8.kluczbork.pl\/index.php?rest_route=\/wp\/v2\/users\/11"}],"replies":[{"embeddable":true,"href":"https:\/\/pp8.kluczbork.pl\/index.php?rest_route=%2Fwp%2Fv2%2Fcomments&post=4436"}],"version-history":[{"count":3,"href":"https:\/\/pp8.kluczbork.pl\/index.php?rest_route=\/wp\/v2\/posts\/4436\/revisions"}],"predecessor-version":[{"id":4443,"href":"https:\/\/pp8.kluczbork.pl\/index.php?rest_route=\/wp\/v2\/posts\/4436\/revisions\/4443"}],"wp:featuredmedia":[{"embeddable":true,"href":"https:\/\/pp8.kluczbork.pl\/index.php?rest_route=\/wp\/v2\/media\/4438"}],"wp:attachment":[{"href":"https:\/\/pp8.kluczbork.pl\/index.php?rest_route=%2Fwp%2Fv2%2Fmedia&parent=4436"}],"wp:term":[{"taxonomy":"category","embeddable":true,"href":"https:\/\/pp8.kluczbork.pl\/index.php?rest_route=%2Fwp%2Fv2%2Fcategories&post=4436"},{"taxonomy":"post_tag","embeddable":true,"href":"https:\/\/pp8.kluczbork.pl\/index.php?rest_route=%2Fwp%2Fv2%2Ftags&post=4436"}],"curies":[{"name":"wp","href":"https:\/\/api.w.org\/{rel}","templated":true}]}}