{"id":4420,"date":"2023-06-23T11:13:52","date_gmt":"2023-06-23T11:13:52","guid":{"rendered":"https:\/\/pp8.kluczbork.pl\/?p=4420"},"modified":"2023-06-23T11:39:14","modified_gmt":"2023-06-23T11:39:14","slug":"straz-pozarna-2","status":"publish","type":"post","link":"https:\/\/pp8.kluczbork.pl\/?p=4420","title":{"rendered":"STRA\u017b PO\u017bARNA"},"content":{"rendered":"<p>Dnia 15 czerwca odwiedzili nas Stra\u017cacy z Ochotniczej Stra\u017cy Po\u017carnej w Kuniowie . To by\u0142 bardzo mile sp\u0119dzony czas , a przy tym mogli\u015bmy si\u0119 du\u017co dowiedzie\u0107\u00a0 o tak ci\u0119\u017ckiej , ale bardzo wa\u017cnej pracy.<\/p>\n<p><a href=\"https:\/\/flic.kr\/s\/aHBqjAJPEP\">Link do zdj\u0119\u0107<\/a><\/p>\n","protected":false},"excerpt":{"rendered":"<p>Dnia 15 czerwca odwiedzili nas Stra\u017cacy z Ochotniczej Stra\u017cy Po\u017carnej w Kuniowie . To by\u0142 bardzo mile sp\u0119dzony czas , a przy tym mogli\u015bmy si\u0119 du\u017co dowiedzie\u0107\u00a0 o tak ci\u0119\u017ckiej , ale bardzo wa\u017cnej pracy. Link do zdj\u0119\u0107<\/p>\n","protected":false},"author":2,"featured_media":4421,"comment_status":"open","ping_status":"open","sticky":false,"template":"","format":"standard","meta":{"ngg_post_thumbnail":0,"footnotes":""},"categories":[32],"tags":[],"_links":{"self":[{"href":"https:\/\/pp8.kluczbork.pl\/index.php?rest_route=\/wp\/v2\/posts\/4420"}],"collection":[{"href":"https:\/\/pp8.kluczbork.pl\/index.php?rest_route=\/wp\/v2\/posts"}],"about":[{"href":"https:\/\/pp8.kluczbork.pl\/index.php?rest_route=\/wp\/v2\/types\/post"}],"author":[{"embeddable":true,"href":"https:\/\/pp8.kluczbork.pl\/index.php?rest_route=\/wp\/v2\/users\/2"}],"replies":[{"embeddable":true,"href":"https:\/\/pp8.kluczbork.pl\/index.php?rest_route=%2Fwp%2Fv2%2Fcomments&post=4420"}],"version-history":[{"count":3,"href":"https:\/\/pp8.kluczbork.pl\/index.php?rest_route=\/wp\/v2\/posts\/4420\/revisions"}],"predecessor-version":[{"id":4431,"href":"https:\/\/pp8.kluczbork.pl\/index.php?rest_route=\/wp\/v2\/posts\/4420\/revisions\/4431"}],"wp:featuredmedia":[{"embeddable":true,"href":"https:\/\/pp8.kluczbork.pl\/index.php?rest_route=\/wp\/v2\/media\/4421"}],"wp:attachment":[{"href":"https:\/\/pp8.kluczbork.pl\/index.php?rest_route=%2Fwp%2Fv2%2Fmedia&parent=4420"}],"wp:term":[{"taxonomy":"category","embeddable":true,"href":"https:\/\/pp8.kluczbork.pl\/index.php?rest_route=%2Fwp%2Fv2%2Fcategories&post=4420"},{"taxonomy":"post_tag","embeddable":true,"href":"https:\/\/pp8.kluczbork.pl\/index.php?rest_route=%2Fwp%2Fv2%2Ftags&post=4420"}],"curies":[{"name":"wp","href":"https:\/\/api.w.org\/{rel}","templated":true}]}}