{"id":4414,"date":"2023-06-21T22:24:31","date_gmt":"2023-06-21T22:24:31","guid":{"rendered":"https:\/\/pp8.kluczbork.pl\/?p=4414"},"modified":"2023-06-21T22:24:31","modified_gmt":"2023-06-21T22:24:31","slug":"pozegnanie-przedszkola-w-grupie-madre-sowy","status":"publish","type":"post","link":"https:\/\/pp8.kluczbork.pl\/?p=4414","title":{"rendered":"Po\u017cegnanie Przedszkola w grupie &#8222;M\u0105dre Sowy&#8221;"},"content":{"rendered":"<p class=\"western\" align=\"CENTER\"><span lang=\"pl-PL\" style=\"color: #f09629;\"><b>PO\u017bEGNANIE STARSZAK\u00d3W<\/b><\/span><\/p>\n<p class=\"western\" align=\"CENTER\"><span style=\"color: #f09629;\"><span lang=\"pl-PL\">Chcemy Wam \u017cyczy\u0107 na pocz\u0105tek,<\/span><span lang=\"pl-PL\"><b><br \/>\n<\/b><\/span><span lang=\"pl-PL\">\u017beby nauka sz\u0142a jak z p\u0142atka<\/span><span lang=\"pl-PL\"><b><br \/>\n<\/b><\/span><span lang=\"pl-PL\">\u017beby tyle by\u0142o sz\u00f3stek,<\/span><span lang=\"pl-PL\"><b><br \/>\n<\/b><\/span><span lang=\"pl-PL\">ile pszcz\u00f3\u0142 na polnych kwiatkach.<\/span><span lang=\"pl-PL\"><b><br \/>\n<\/b><\/span><span lang=\"pl-PL\">\u017beby pochwa\u0142 by\u0142o tyle,<\/span><span lang=\"pl-PL\"><b><br \/>\n<\/b><\/span><span lang=\"pl-PL\">ile szyszek w g\u0119stym borze,<\/span><span lang=\"pl-PL\"><b><br \/>\n<\/b><\/span><span lang=\"pl-PL\">\u017ceby w szkole by\u0142o milej<\/span><span lang=\"pl-PL\"><b><br \/>\n<\/b><\/span><span lang=\"pl-PL\">ni\u017c nad rzek\u0105 lub nad morzem.<\/span><span lang=\"pl-PL\"><b><br \/>\n<\/b><\/span><span lang=\"pl-PL\">D\u0142ugopisy, wszystkie pi\u00f3ra<\/span><span lang=\"pl-PL\"><b><br \/>\n<\/b><\/span><span lang=\"pl-PL\">niechaj pisz\u0105 m\u0105drze, \u0142adnie<\/span><span lang=\"pl-PL\"><b><br \/>\n<\/b><\/span><span lang=\"pl-PL\">i niech skrzypi\u0105 tak jak \u017curaw,<\/span><span lang=\"pl-PL\"><b><br \/>\n<\/b><\/span><span lang=\"pl-PL\">kiedy b\u0142\u0105d si\u0119 gdzie\u015b zakradnie.<\/span><b><\/b><\/span><\/p>\n<p style=\"text-align: center;\"><span style=\"color: #f09629;\"><span lang=\"pl-PL\">\u017byczymy zabaw z kolegami<\/span><span lang=\"pl-PL\"><b><br \/>\n<\/b><\/span><span lang=\"pl-PL\">koleg\u00f3w do zabawy,<\/span><span lang=\"pl-PL\"><b><br \/>\n<\/b><\/span><span lang=\"pl-PL\">Szcz\u0119\u015bcia, zdrowia, pomy\u015blno\u015bci,<\/span><span lang=\"pl-PL\"><b><br \/>\n<\/b><\/span><span lang=\"pl-PL\">i w klasie pierwszej wiele wytrwa\u0142o\u015bci.<\/span><span lang=\"pl-PL\"><b><br \/>\n<\/b><\/span><span lang=\"pl-PL\">B\u0105d\u017acie zdrowe, mi\u0142e i radosne,<\/span><span lang=\"pl-PL\"><b><br \/>\n<\/b><\/span><span lang=\"pl-PL\">miejcie w sercach zawsze wiosn\u0119.<\/span><span lang=\"pl-PL\"><b><br \/>\n<\/b><\/span><span lang=\"pl-PL\">Niech wam \u015bwieci promyk s\u0142o\u0144ca,<\/span><span lang=\"pl-PL\"><b><br \/>\n<\/b><\/span><span lang=\"pl-PL\">Na cenzurkach szk\u00f3\u0142 do ko\u0144ca!<\/span><\/span><\/p>\n<p style=\"text-align: center;\"><span style=\"color: #0a8c0a;\">Nasta\u0142 szczeg\u00f3lny czas dla przedszkolak\u00f3w z grupy \u201eM\u0105dre Sowy\u201d, poniewa\u017c zako\u0144czy\u0142 si\u0119 pierwszy etap w ich \u017cyciu \u2013 dzieci po\u017cegna\u0142y przedszkole. Nasza grupa uroczysto\u015b\u0107 rozpocz\u0119\u0142a od \u201ePoloneza\u201d, a nast\u0119pnie zaprezentowa\u0142a wiersze, kt\u00f3re by\u0142y przypomnieniem wsp\u00f3lnie sp\u0119dzonych lat oraz wyra\u017ca\u0142y wdzi\u0119czno\u015b\u0107 dla pracownik\u00f3w przedszkola za opiek\u0119, przekazan\u0105 wiedz\u0119 oraz umiej\u0119tno\u015bci. Po programie artystycznym Pani Dyrektor podzi\u0119kowa\u0142a dzieciom za wyst\u0119p i \u017cyczy\u0142a im, aby nast\u0119pny etap w ich \u017cyciu by\u0142 pocz\u0105tkiem wspania\u0142ej, pe\u0142nej sukces\u00f3w drogi. Na zako\u0144czenie absolwenci otrzymali dyplomy uko\u0144czenia przedszkola i ksi\u0105\u017cki. Dzi\u0119kujemy!!!<\/span><\/p>\n<p style=\"text-align: center;\"><a href=\"https:\/\/flic.kr\/s\/aHBqjAJCLm\" target=\"_blank\" rel=\"noopener\"><strong><span style=\"color: #0a8c0a;\">Galeria zdj\u0119\u0107<\/span><\/strong><\/a><\/p>\n","protected":false},"excerpt":{"rendered":"<p>PO\u017bEGNANIE STARSZAK\u00d3W Chcemy Wam \u017cyczy\u0107 na pocz\u0105tek, \u017beby nauka sz\u0142a jak z p\u0142atka \u017beby tyle by\u0142o sz\u00f3stek, ile pszcz\u00f3\u0142 na polnych kwiatkach. \u017beby pochwa\u0142 by\u0142o tyle, ile szyszek w g\u0119stym borze, \u017ceby w szkole by\u0142o milej ni\u017c nad rzek\u0105 lub nad morzem. D\u0142ugopisy, wszystkie pi\u00f3ra niechaj pisz\u0105 m\u0105drze, \u0142adnie i [&hellip;]<\/p>\n","protected":false},"author":15,"featured_media":4415,"comment_status":"open","ping_status":"open","sticky":false,"template":"","format":"standard","meta":{"ngg_post_thumbnail":0,"footnotes":""},"categories":[29],"tags":[],"_links":{"self":[{"href":"https:\/\/pp8.kluczbork.pl\/index.php?rest_route=\/wp\/v2\/posts\/4414"}],"collection":[{"href":"https:\/\/pp8.kluczbork.pl\/index.php?rest_route=\/wp\/v2\/posts"}],"about":[{"href":"https:\/\/pp8.kluczbork.pl\/index.php?rest_route=\/wp\/v2\/types\/post"}],"author":[{"embeddable":true,"href":"https:\/\/pp8.kluczbork.pl\/index.php?rest_route=\/wp\/v2\/users\/15"}],"replies":[{"embeddable":true,"href":"https:\/\/pp8.kluczbork.pl\/index.php?rest_route=%2Fwp%2Fv2%2Fcomments&post=4414"}],"version-history":[{"count":1,"href":"https:\/\/pp8.kluczbork.pl\/index.php?rest_route=\/wp\/v2\/posts\/4414\/revisions"}],"predecessor-version":[{"id":4416,"href":"https:\/\/pp8.kluczbork.pl\/index.php?rest_route=\/wp\/v2\/posts\/4414\/revisions\/4416"}],"wp:featuredmedia":[{"embeddable":true,"href":"https:\/\/pp8.kluczbork.pl\/index.php?rest_route=\/wp\/v2\/media\/4415"}],"wp:attachment":[{"href":"https:\/\/pp8.kluczbork.pl\/index.php?rest_route=%2Fwp%2Fv2%2Fmedia&parent=4414"}],"wp:term":[{"taxonomy":"category","embeddable":true,"href":"https:\/\/pp8.kluczbork.pl\/index.php?rest_route=%2Fwp%2Fv2%2Fcategories&post=4414"},{"taxonomy":"post_tag","embeddable":true,"href":"https:\/\/pp8.kluczbork.pl\/index.php?rest_route=%2Fwp%2Fv2%2Ftags&post=4414"}],"curies":[{"name":"wp","href":"https:\/\/api.w.org\/{rel}","templated":true}]}}