{"id":4402,"date":"2023-06-21T21:38:50","date_gmt":"2023-06-21T21:38:50","guid":{"rendered":"https:\/\/pp8.kluczbork.pl\/?p=4402"},"modified":"2023-06-21T21:38:50","modified_gmt":"2023-06-21T21:38:50","slug":"nasze-miasto","status":"publish","type":"post","link":"https:\/\/pp8.kluczbork.pl\/?p=4402","title":{"rendered":"&#8222;Nasze miasto&#8221;"},"content":{"rendered":"<p><span style=\"font-family: 'comic sans ms', sans-serif; font-size: 14pt; color: #ff9900;\">15 czerwca nasza grupa wybra\u0142a si\u0119 na zwiedzanie naszego miasta Kluczbork,<br \/>\npod\u0105\u017caj\u0105c \u015bladami zabytk\u00f3w Kluczborka w towarzystwie Pana Krzysztofa Adamskiego.&nbsp;<\/span><\/p>\n<p><a href=\"https:\/\/flic.kr\/s\/aHBqjAJCHF\" target=\"_blank\" rel=\"noopener\"><strong><span style=\"font-family: 'comic sans ms', sans-serif; font-size: 14pt; color: #ff9900;\">Galeria zdj\u0119\u0107<\/span><\/strong><\/a><\/p>\n","protected":false},"excerpt":{"rendered":"<p>15 czerwca nasza grupa wybra\u0142a si\u0119 na zwiedzanie naszego miasta Kluczbork, pod\u0105\u017caj\u0105c \u015bladami zabytk\u00f3w Kluczborka w towarzystwie Pana Krzysztofa Adamskiego.&nbsp; Galeria zdj\u0119\u0107<\/p>\n","protected":false},"author":15,"featured_media":4403,"comment_status":"open","ping_status":"open","sticky":false,"template":"","format":"standard","meta":{"ngg_post_thumbnail":0,"footnotes":""},"categories":[29],"tags":[],"_links":{"self":[{"href":"https:\/\/pp8.kluczbork.pl\/index.php?rest_route=\/wp\/v2\/posts\/4402"}],"collection":[{"href":"https:\/\/pp8.kluczbork.pl\/index.php?rest_route=\/wp\/v2\/posts"}],"about":[{"href":"https:\/\/pp8.kluczbork.pl\/index.php?rest_route=\/wp\/v2\/types\/post"}],"author":[{"embeddable":true,"href":"https:\/\/pp8.kluczbork.pl\/index.php?rest_route=\/wp\/v2\/users\/15"}],"replies":[{"embeddable":true,"href":"https:\/\/pp8.kluczbork.pl\/index.php?rest_route=%2Fwp%2Fv2%2Fcomments&post=4402"}],"version-history":[{"count":1,"href":"https:\/\/pp8.kluczbork.pl\/index.php?rest_route=\/wp\/v2\/posts\/4402\/revisions"}],"predecessor-version":[{"id":4404,"href":"https:\/\/pp8.kluczbork.pl\/index.php?rest_route=\/wp\/v2\/posts\/4402\/revisions\/4404"}],"wp:featuredmedia":[{"embeddable":true,"href":"https:\/\/pp8.kluczbork.pl\/index.php?rest_route=\/wp\/v2\/media\/4403"}],"wp:attachment":[{"href":"https:\/\/pp8.kluczbork.pl\/index.php?rest_route=%2Fwp%2Fv2%2Fmedia&parent=4402"}],"wp:term":[{"taxonomy":"category","embeddable":true,"href":"https:\/\/pp8.kluczbork.pl\/index.php?rest_route=%2Fwp%2Fv2%2Fcategories&post=4402"},{"taxonomy":"post_tag","embeddable":true,"href":"https:\/\/pp8.kluczbork.pl\/index.php?rest_route=%2Fwp%2Fv2%2Ftags&post=4402"}],"curies":[{"name":"wp","href":"https:\/\/api.w.org\/{rel}","templated":true}]}}