{"id":4399,"date":"2023-06-21T21:32:03","date_gmt":"2023-06-21T21:32:03","guid":{"rendered":"https:\/\/pp8.kluczbork.pl\/?p=4399"},"modified":"2023-06-21T21:39:24","modified_gmt":"2023-06-21T21:39:24","slug":"spartakiada-w-psp-nr-2","status":"publish","type":"post","link":"https:\/\/pp8.kluczbork.pl\/?p=4399","title":{"rendered":"Spartakiada w PSP nr 2"},"content":{"rendered":"<p><span style=\"font-family: 'comic sans ms', sans-serif; font-size: 14pt; color: #ff6600;\">7 czerwca w Publicznej Szkole Podstawowej nr 2 w Kluczborku<\/span><br \/>\n<span style=\"font-family: 'comic sans ms', sans-serif; font-size: 14pt; color: #ff6600;\">odby\u0142y si\u0119 zawody sportowe dla przedszkolak\u00f3w,<\/span><br \/>\n<span style=\"font-family: 'comic sans ms', sans-serif; font-size: 14pt; color: #ff6600;\">w kt\u00f3rych wzi\u0119li udzia\u0142 przedstawiciele naszej grupy<\/span><span style=\"font-family: 'comic sans ms', sans-serif; font-size: 14pt; color: #ff6600;\">.<\/span><br \/>\n<span style=\"font-family: 'comic sans ms', sans-serif; font-size: 14pt; color: #ff6600;\">Zabawy i zmaga\u0144 sportowych by\u0142o wiele,<\/span><br \/>\n<span style=\"font-family: 'comic sans ms', sans-serif; font-size: 14pt; color: #ff6600;\">ale nasze przedszkolaki poradzi\u0142y sobie w ka\u017cdej kategorii.<\/span><\/p>\n<p><a href=\"https:\/\/flic.kr\/s\/aHBqjAJCht\" target=\"_blank\" rel=\"noopener\"><span style=\"font-size: 14pt; color: #ff0000;\"><strong><span style=\"font-family: 'comic sans ms', sans-serif;\">Galeria zdj\u0119\u0107<\/span><\/strong><\/span><\/a><\/p>\n","protected":false},"excerpt":{"rendered":"<p>7 czerwca w Publicznej Szkole Podstawowej nr 2 w Kluczborku odby\u0142y si\u0119 zawody sportowe dla przedszkolak\u00f3w, w kt\u00f3rych wzi\u0119li udzia\u0142 przedstawiciele naszej grupy. Zabawy i zmaga\u0144 sportowych by\u0142o wiele, ale nasze przedszkolaki poradzi\u0142y sobie w ka\u017cdej kategorii. Galeria zdj\u0119\u0107<\/p>\n","protected":false},"author":15,"featured_media":4400,"comment_status":"open","ping_status":"open","sticky":false,"template":"","format":"standard","meta":{"ngg_post_thumbnail":0,"footnotes":""},"categories":[29],"tags":[],"_links":{"self":[{"href":"https:\/\/pp8.kluczbork.pl\/index.php?rest_route=\/wp\/v2\/posts\/4399"}],"collection":[{"href":"https:\/\/pp8.kluczbork.pl\/index.php?rest_route=\/wp\/v2\/posts"}],"about":[{"href":"https:\/\/pp8.kluczbork.pl\/index.php?rest_route=\/wp\/v2\/types\/post"}],"author":[{"embeddable":true,"href":"https:\/\/pp8.kluczbork.pl\/index.php?rest_route=\/wp\/v2\/users\/15"}],"replies":[{"embeddable":true,"href":"https:\/\/pp8.kluczbork.pl\/index.php?rest_route=%2Fwp%2Fv2%2Fcomments&post=4399"}],"version-history":[{"count":2,"href":"https:\/\/pp8.kluczbork.pl\/index.php?rest_route=\/wp\/v2\/posts\/4399\/revisions"}],"predecessor-version":[{"id":4405,"href":"https:\/\/pp8.kluczbork.pl\/index.php?rest_route=\/wp\/v2\/posts\/4399\/revisions\/4405"}],"wp:featuredmedia":[{"embeddable":true,"href":"https:\/\/pp8.kluczbork.pl\/index.php?rest_route=\/wp\/v2\/media\/4400"}],"wp:attachment":[{"href":"https:\/\/pp8.kluczbork.pl\/index.php?rest_route=%2Fwp%2Fv2%2Fmedia&parent=4399"}],"wp:term":[{"taxonomy":"category","embeddable":true,"href":"https:\/\/pp8.kluczbork.pl\/index.php?rest_route=%2Fwp%2Fv2%2Fcategories&post=4399"},{"taxonomy":"post_tag","embeddable":true,"href":"https:\/\/pp8.kluczbork.pl\/index.php?rest_route=%2Fwp%2Fv2%2Ftags&post=4399"}],"curies":[{"name":"wp","href":"https:\/\/api.w.org\/{rel}","templated":true}]}}