{"id":4382,"date":"2023-06-13T17:40:43","date_gmt":"2023-06-13T17:40:43","guid":{"rendered":"https:\/\/pp8.kluczbork.pl\/?p=4382"},"modified":"2023-06-13T17:46:19","modified_gmt":"2023-06-13T17:46:19","slug":"spartakiada-sportowa-przedszkolakow","status":"publish","type":"post","link":"https:\/\/pp8.kluczbork.pl\/?p=4382","title":{"rendered":"Spartakiada Sportowa Przedszkolak\u00f3w"},"content":{"rendered":"<p><span style=\"color: #008000;\">W <span style=\"color: #003366;\"><strong>Publicznej Szkole Podstawowej nr 2 w Kluczborku<\/strong><\/span><\/span><br \/>\n<span style=\"color: #008000;\">odby\u0142y si\u0119 &#8222;zawody przedszkolak\u00f3w&#8221;,<br \/>\nw kt\u00f3rej wzi\u0119\u0142y udzia\u0142 grupy &nbsp;6 &#8211; letnie<br \/>\n<strong>&#8222;Przyjaciele Kubusia&#8221; i &#8222;M\u0105dre Sowy&#8221;.<\/strong><\/span><br \/>\n<span style=\"color: #008000;\">Zabawy i zmaga\u0144 sportowych by\u0142o wiele,<\/span><br \/>\n<span style=\"color: #008000;\">a wszystkie przedszkolaki spisa\u0142y si\u0119 na medal.<\/span><br \/>\n<a href=\"https:\/\/flic.kr\/s\/aHBqjAHAHj\">Galeria zdj\u0119\u0107<\/a><\/p>\n","protected":false},"excerpt":{"rendered":"<p>W Publicznej Szkole Podstawowej nr 2 w Kluczborku odby\u0142y si\u0119 &#8222;zawody przedszkolak\u00f3w&#8221;, w kt\u00f3rej wzi\u0119\u0142y udzia\u0142 grupy &nbsp;6 &#8211; letnie &#8222;Przyjaciele Kubusia&#8221; i &#8222;M\u0105dre Sowy&#8221;. Zabawy i zmaga\u0144 sportowych by\u0142o wiele, a wszystkie przedszkolaki spisa\u0142y si\u0119 na medal. Galeria zdj\u0119\u0107<\/p>\n","protected":false},"author":16,"featured_media":4386,"comment_status":"open","ping_status":"open","sticky":false,"template":"","format":"standard","meta":{"ngg_post_thumbnail":0,"footnotes":""},"categories":[30,275],"tags":[],"_links":{"self":[{"href":"https:\/\/pp8.kluczbork.pl\/index.php?rest_route=\/wp\/v2\/posts\/4382"}],"collection":[{"href":"https:\/\/pp8.kluczbork.pl\/index.php?rest_route=\/wp\/v2\/posts"}],"about":[{"href":"https:\/\/pp8.kluczbork.pl\/index.php?rest_route=\/wp\/v2\/types\/post"}],"author":[{"embeddable":true,"href":"https:\/\/pp8.kluczbork.pl\/index.php?rest_route=\/wp\/v2\/users\/16"}],"replies":[{"embeddable":true,"href":"https:\/\/pp8.kluczbork.pl\/index.php?rest_route=%2Fwp%2Fv2%2Fcomments&post=4382"}],"version-history":[{"count":3,"href":"https:\/\/pp8.kluczbork.pl\/index.php?rest_route=\/wp\/v2\/posts\/4382\/revisions"}],"predecessor-version":[{"id":4384,"href":"https:\/\/pp8.kluczbork.pl\/index.php?rest_route=\/wp\/v2\/posts\/4382\/revisions\/4384"}],"wp:featuredmedia":[{"embeddable":true,"href":"https:\/\/pp8.kluczbork.pl\/index.php?rest_route=\/wp\/v2\/media\/4386"}],"wp:attachment":[{"href":"https:\/\/pp8.kluczbork.pl\/index.php?rest_route=%2Fwp%2Fv2%2Fmedia&parent=4382"}],"wp:term":[{"taxonomy":"category","embeddable":true,"href":"https:\/\/pp8.kluczbork.pl\/index.php?rest_route=%2Fwp%2Fv2%2Fcategories&post=4382"},{"taxonomy":"post_tag","embeddable":true,"href":"https:\/\/pp8.kluczbork.pl\/index.php?rest_route=%2Fwp%2Fv2%2Ftags&post=4382"}],"curies":[{"name":"wp","href":"https:\/\/api.w.org\/{rel}","templated":true}]}}