{"id":4363,"date":"2023-06-05T20:39:23","date_gmt":"2023-06-05T20:39:23","guid":{"rendered":"https:\/\/pp8.kluczbork.pl\/?p=4363"},"modified":"2023-06-05T20:40:40","modified_gmt":"2023-06-05T20:40:40","slug":"dzien-dziecka","status":"publish","type":"post","link":"https:\/\/pp8.kluczbork.pl\/?p=4363","title":{"rendered":"Dzie\u0144 Dziecka"},"content":{"rendered":"<p style=\"text-align: center\"><img loading=\"lazy\" decoding=\"async\" class=\"alignnone size-medium wp-image-4364\" src=\"https:\/\/pp8.kluczbork.pl\/wp-content\/uploads\/2023\/06\/IMG_0676-225x300.jpg\" alt=\"\" width=\"225\" height=\"300\" srcset=\"https:\/\/pp8.kluczbork.pl\/wp-content\/uploads\/2023\/06\/IMG_0676-225x300.jpg 225w, https:\/\/pp8.kluczbork.pl\/wp-content\/uploads\/2023\/06\/IMG_0676-768x1024.jpg 768w, https:\/\/pp8.kluczbork.pl\/wp-content\/uploads\/2023\/06\/IMG_0676-1152x1536.jpg 1152w, https:\/\/pp8.kluczbork.pl\/wp-content\/uploads\/2023\/06\/IMG_0676.jpg 1200w\" sizes=\"(max-width: 225px) 100vw, 225px\" \/><\/p>\n<p><strong><span style=\"font-family: 'comic sans ms', sans-serif;color: #ff6600\">Dzie\u0144 Dziecka jest jednym z najbardziej oczekiwanych i radosnych \u015bwi\u0105t obchodzonych na ca\u0142ym \u015bwiecie-to wyj\u0105tkowy dzie\u0144, kt\u00f3ry po\u015bwi\u0119cony jest dzieciom- ich prawom do rado\u015bci, zabawy i szcz\u0119\u015bcia. Jest to okazja, aby podkre\u015bli\u0107 wag\u0119 dzieci\u0144stwa i zapewni\u0107 maluchom wyj\u0105tkowe do\u015bwiadczenia.<\/span><\/strong><\/p>\n<p style=\"text-align: center\"><img loading=\"lazy\" decoding=\"async\" class=\"alignnone size-medium wp-image-4369\" src=\"https:\/\/pp8.kluczbork.pl\/wp-content\/uploads\/2023\/06\/IMG_0683-225x300.jpg\" alt=\"\" width=\"225\" height=\"300\" srcset=\"https:\/\/pp8.kluczbork.pl\/wp-content\/uploads\/2023\/06\/IMG_0683-225x300.jpg 225w, https:\/\/pp8.kluczbork.pl\/wp-content\/uploads\/2023\/06\/IMG_0683-768x1024.jpg 768w, https:\/\/pp8.kluczbork.pl\/wp-content\/uploads\/2023\/06\/IMG_0683-1152x1536.jpg 1152w, https:\/\/pp8.kluczbork.pl\/wp-content\/uploads\/2023\/06\/IMG_0683.jpg 1200w\" sizes=\"(max-width: 225px) 100vw, 225px\" \/><\/p>\n<p><strong><span style=\"font-family: 'comic sans ms', sans-serif;color: #339966\">W naszym przedszkolu Dzie\u0144 Dziecka to czas pe\u0142en kolorowych dekoracji, balon\u00f3w, zabawek i \u015bmiechu. W tym dniu Kubusie mia\u0142y okazj\u0119 rado\u015bnie bawi\u0107 si\u0119 w towarzystwie swoich r\u00f3wie\u015bnik\u00f3w, rozwija\u0107 swoje umiej\u0119tno\u015bci sportowe i artystyczne, a przede wszystkim cieszy\u0107 si\u0119 beztroskim czasem pe\u0142nym rado\u015bci.<\/span><\/strong><\/p>\n<p style=\"text-align: center\"><img loading=\"lazy\" decoding=\"async\" class=\"alignnone size-medium wp-image-4366\" src=\"https:\/\/pp8.kluczbork.pl\/wp-content\/uploads\/2023\/06\/IMG_0656-225x300.jpg\" alt=\"\" width=\"225\" height=\"300\" srcset=\"https:\/\/pp8.kluczbork.pl\/wp-content\/uploads\/2023\/06\/IMG_0656-225x300.jpg 225w, https:\/\/pp8.kluczbork.pl\/wp-content\/uploads\/2023\/06\/IMG_0656-768x1024.jpg 768w, https:\/\/pp8.kluczbork.pl\/wp-content\/uploads\/2023\/06\/IMG_0656-1152x1536.jpg 1152w, https:\/\/pp8.kluczbork.pl\/wp-content\/uploads\/2023\/06\/IMG_0656.jpg 1200w\" sizes=\"(max-width: 225px) 100vw, 225px\" \/><\/p>\n<p><strong><span style=\"font-family: 'comic sans ms', sans-serif;color: #3366ff\">Przedszkolaki otrzyma\u0142y r\u00f3wnie\u017c ma\u0142e prezenty, kt\u00f3re dodatkowo umili\u0142y im ten wyj\u0105tkowy dzie\u0144.<\/span><\/strong><\/p>\n<p style=\"text-align: center\"><span style=\"font-size: 14pt;color: #ff0000;font-family: 'comic sans ms', sans-serif\"><strong>Wszystkim dzieciom \u017cyczymy niezapomnianych chwil, beztroskiego dzieci\u0144stwa i nieko\u0144cz\u0105cej si\u0119 rado\u015bci. Niech ka\u017cdy Dzie\u0144 Dziecka b\u0119dzie dla Was wyj\u0105tkowy i niepowtarzalny!<\/strong><\/span><\/p>\n<p>&nbsp;<\/p>\n<p><a href=\"https:\/\/flic.kr\/s\/aHBqjAGH99\"><strong>Zapraszamy do naszej galerii<\/strong><\/a><\/p>\n","protected":false},"excerpt":{"rendered":"<p>Dzie\u0144 Dziecka jest jednym z najbardziej oczekiwanych i radosnych \u015bwi\u0105t obchodzonych na ca\u0142ym \u015bwiecie-to wyj\u0105tkowy dzie\u0144, kt\u00f3ry po\u015bwi\u0119cony jest dzieciom- ich prawom do rado\u015bci, zabawy i szcz\u0119\u015bcia. Jest to okazja, aby podkre\u015bli\u0107 wag\u0119 dzieci\u0144stwa i zapewni\u0107 maluchom wyj\u0105tkowe do\u015bwiadczenia. W naszym przedszkolu Dzie\u0144 Dziecka to czas pe\u0142en kolorowych dekoracji, balon\u00f3w, [&hellip;]<\/p>\n","protected":false},"author":11,"featured_media":4365,"comment_status":"open","ping_status":"open","sticky":false,"template":"","format":"standard","meta":{"ngg_post_thumbnail":0,"footnotes":""},"categories":[28],"tags":[],"_links":{"self":[{"href":"https:\/\/pp8.kluczbork.pl\/index.php?rest_route=\/wp\/v2\/posts\/4363"}],"collection":[{"href":"https:\/\/pp8.kluczbork.pl\/index.php?rest_route=\/wp\/v2\/posts"}],"about":[{"href":"https:\/\/pp8.kluczbork.pl\/index.php?rest_route=\/wp\/v2\/types\/post"}],"author":[{"embeddable":true,"href":"https:\/\/pp8.kluczbork.pl\/index.php?rest_route=\/wp\/v2\/users\/11"}],"replies":[{"embeddable":true,"href":"https:\/\/pp8.kluczbork.pl\/index.php?rest_route=%2Fwp%2Fv2%2Fcomments&post=4363"}],"version-history":[{"count":3,"href":"https:\/\/pp8.kluczbork.pl\/index.php?rest_route=\/wp\/v2\/posts\/4363\/revisions"}],"predecessor-version":[{"id":4370,"href":"https:\/\/pp8.kluczbork.pl\/index.php?rest_route=\/wp\/v2\/posts\/4363\/revisions\/4370"}],"wp:featuredmedia":[{"embeddable":true,"href":"https:\/\/pp8.kluczbork.pl\/index.php?rest_route=\/wp\/v2\/media\/4365"}],"wp:attachment":[{"href":"https:\/\/pp8.kluczbork.pl\/index.php?rest_route=%2Fwp%2Fv2%2Fmedia&parent=4363"}],"wp:term":[{"taxonomy":"category","embeddable":true,"href":"https:\/\/pp8.kluczbork.pl\/index.php?rest_route=%2Fwp%2Fv2%2Fcategories&post=4363"},{"taxonomy":"post_tag","embeddable":true,"href":"https:\/\/pp8.kluczbork.pl\/index.php?rest_route=%2Fwp%2Fv2%2Ftags&post=4363"}],"curies":[{"name":"wp","href":"https:\/\/api.w.org\/{rel}","templated":true}]}}