{"id":4359,"date":"2023-06-05T17:09:12","date_gmt":"2023-06-05T17:09:12","guid":{"rendered":"https:\/\/pp8.kluczbork.pl\/?p=4359"},"modified":"2023-06-05T17:09:12","modified_gmt":"2023-06-05T17:09:12","slug":"konkurs-balerina-2023","status":"publish","type":"post","link":"https:\/\/pp8.kluczbork.pl\/?p=4359","title":{"rendered":"Konkurs &#8222;Balerina 2023&#8221;"},"content":{"rendered":"<p><span style=\"font-family: 'comic sans ms', sans-serif; font-size: 14pt; color: #f17cf7;\">3 czerwca odby\u0142 si\u0119 VIII Wojew\u00f3dzki Przegl\u0105d Taneczny Przedszkolak\u00f3w &#8222;Balerina 2023&#8221; w Kluczborku! <span class=\"x3nfvp2 x1j61x8r x1fcty0u xdj266r xhhsvwb xat24cr xgzva0m xxymvpz xlup9mm x1kky2od\"><img loading=\"lazy\" decoding=\"async\" src=\"https:\/\/static.xx.fbcdn.net\/images\/emoji.php\/v9\/te5\/1.5\/16\/1f389.png\" alt=\"\ud83c\udf89\" width=\"16\" height=\"16\"><\/span> To niezwyk\u0142e wydarzenie, w kt\u00f3rym dzieci prezentuj\u0105 swoje talenty taneczne. Wszystkie przedszkolaki przygotowa\u0142y niesamowite choreografie, kt\u00f3re zapiera\u0142y dech w piersiach <span class=\"x3nfvp2 x1j61x8r x1fcty0u xdj266r xhhsvwb xat24cr xgzva0m xxymvpz xlup9mm x1kky2od\"><img loading=\"lazy\" decoding=\"async\" src=\"https:\/\/static.xx.fbcdn.net\/images\/emoji.php\/v9\/t20\/1.5\/16\/1f483.png\" alt=\"\ud83d\udc83\" width=\"16\" height=\"16\"><\/span><span class=\"x3nfvp2 x1j61x8r x1fcty0u xdj266r xhhsvwb xat24cr xgzva0m xxymvpz xlup9mm x1kky2od\"><img loading=\"lazy\" decoding=\"async\" src=\"https:\/\/static.xx.fbcdn.net\/images\/emoji.php\/v9\/t83\/1.5\/16\/1f46f_200d_2640.png\" alt=\"\ud83d\udc6f\u200d\u2640\ufe0f\" width=\"16\" height=\"16\"><br \/>\nNasz\u0105 reprezentantk\u0105 by\u0142a Iga Or\u0142owska, kt\u00f3ra wyst\u0105pi\u0142a solo w kategorii &#8211; etiuda taneczna, wykonuj\u0105c pi\u0119kny taniec, zaj\u0119\u0142a I miejsce. Dzi\u0119kujemy pani Oksanie Walkowiak za przygotowanie naszej reprezentantki do wyst\u0119pu.<br \/>\nGratulujemy Idze i \u017cyczymy dalszych sukces\u00f3w!<\/span><\/span><\/p>\n<p><span style=\"font-family: 'comic sans ms', sans-serif; font-size: 14pt; color: #f17cf7;\">Linki do fotorelacji:<\/span><\/p>\n<p><span style=\"font-family: 'comic sans ms', sans-serif; font-size: 14pt; color: #f17cf7;\"><a style=\"color: #f17cf7;\" href=\"https:\/\/flic.kr\/s\/aHBqjAGBfj\" target=\"_blank\" rel=\"noopener\">link 1&nbsp;<\/a><\/span><\/p>\n<p><span style=\"font-family: 'comic sans ms', sans-serif; font-size: 14pt; color: #f17cf7;\"><a style=\"color: #f17cf7;\" href=\"https:\/\/www.facebook.com\/Kluczbork\/posts\/pfbid021wf8t2JEumr6v53U8kNNK5ruZ47QcwNMpa4QKbP4bhVun6f5MLZoUSBHqTEDPycwl\" target=\"_blank\" rel=\"noopener\">link 2&nbsp;<\/a><\/span><\/p>\n","protected":false},"excerpt":{"rendered":"<p>3 czerwca odby\u0142 si\u0119 VIII Wojew\u00f3dzki Przegl\u0105d Taneczny Przedszkolak\u00f3w &#8222;Balerina 2023&#8221; w Kluczborku! To niezwyk\u0142e wydarzenie, w kt\u00f3rym dzieci prezentuj\u0105 swoje talenty taneczne. Wszystkie przedszkolaki przygotowa\u0142y niesamowite choreografie, kt\u00f3re zapiera\u0142y dech w piersiach Nasz\u0105 reprezentantk\u0105 by\u0142a Iga Or\u0142owska, kt\u00f3ra wyst\u0105pi\u0142a solo w kategorii &#8211; etiuda taneczna, wykonuj\u0105c pi\u0119kny taniec, zaj\u0119\u0142a [&hellip;]<\/p>\n","protected":false},"author":15,"featured_media":4361,"comment_status":"open","ping_status":"open","sticky":false,"template":"","format":"standard","meta":{"ngg_post_thumbnail":0,"footnotes":""},"categories":[29],"tags":[],"_links":{"self":[{"href":"https:\/\/pp8.kluczbork.pl\/index.php?rest_route=\/wp\/v2\/posts\/4359"}],"collection":[{"href":"https:\/\/pp8.kluczbork.pl\/index.php?rest_route=\/wp\/v2\/posts"}],"about":[{"href":"https:\/\/pp8.kluczbork.pl\/index.php?rest_route=\/wp\/v2\/types\/post"}],"author":[{"embeddable":true,"href":"https:\/\/pp8.kluczbork.pl\/index.php?rest_route=\/wp\/v2\/users\/15"}],"replies":[{"embeddable":true,"href":"https:\/\/pp8.kluczbork.pl\/index.php?rest_route=%2Fwp%2Fv2%2Fcomments&post=4359"}],"version-history":[{"count":1,"href":"https:\/\/pp8.kluczbork.pl\/index.php?rest_route=\/wp\/v2\/posts\/4359\/revisions"}],"predecessor-version":[{"id":4360,"href":"https:\/\/pp8.kluczbork.pl\/index.php?rest_route=\/wp\/v2\/posts\/4359\/revisions\/4360"}],"wp:featuredmedia":[{"embeddable":true,"href":"https:\/\/pp8.kluczbork.pl\/index.php?rest_route=\/wp\/v2\/media\/4361"}],"wp:attachment":[{"href":"https:\/\/pp8.kluczbork.pl\/index.php?rest_route=%2Fwp%2Fv2%2Fmedia&parent=4359"}],"wp:term":[{"taxonomy":"category","embeddable":true,"href":"https:\/\/pp8.kluczbork.pl\/index.php?rest_route=%2Fwp%2Fv2%2Fcategories&post=4359"},{"taxonomy":"post_tag","embeddable":true,"href":"https:\/\/pp8.kluczbork.pl\/index.php?rest_route=%2Fwp%2Fv2%2Ftags&post=4359"}],"curies":[{"name":"wp","href":"https:\/\/api.w.org\/{rel}","templated":true}]}}