{"id":4356,"date":"2023-06-05T16:55:03","date_gmt":"2023-06-05T16:55:03","guid":{"rendered":"https:\/\/pp8.kluczbork.pl\/?p=4356"},"modified":"2023-06-05T16:55:03","modified_gmt":"2023-06-05T16:55:03","slug":"piknik-urodzinowy-kluczborka","status":"publish","type":"post","link":"https:\/\/pp8.kluczbork.pl\/?p=4356","title":{"rendered":"Piknik Urodzinowy Kluczborka"},"content":{"rendered":"<div class=\"xdj266r x11i5rnm xat24cr x1mh8g0r x1vvkbs x126k92a\">\n<div dir=\"auto\"><span style=\"font-family: 'comic sans ms', sans-serif; font-size: 14pt; color: #10a9eb;\">2 czerwca z okazji 770-lecia miasta <span class=\"xt0psk2\">Administracja O\u015bwiaty w Kluczborku<\/span> zorganizowa\u0142a Piknik Urodzinowy Kluczborka <span class=\"x3nfvp2 x1j61x8r x1fcty0u xdj266r xhhsvwb xat24cr xgzva0m xxymvpz xlup9mm x1kky2od\"><img loading=\"lazy\" decoding=\"async\" src=\"https:\/\/static.xx.fbcdn.net\/images\/emoji.php\/v9\/tc6\/1.5\/16\/1f973.png\" alt=\"\ud83e\udd73\" width=\"16\" height=\"16\"><\/span><span class=\"x3nfvp2 x1j61x8r x1fcty0u xdj266r xhhsvwb xat24cr xgzva0m xxymvpz xlup9mm x1kky2od\"><img loading=\"lazy\" decoding=\"async\" src=\"https:\/\/static.xx.fbcdn.net\/images\/emoji.php\/v9\/tf4\/1.5\/16\/2600.png\" alt=\"\u2600\ufe0f\" width=\"16\" height=\"16\"><\/span><span class=\"x3nfvp2 x1j61x8r x1fcty0u xdj266r xhhsvwb xat24cr xgzva0m xxymvpz xlup9mm x1kky2od\"><img loading=\"lazy\" decoding=\"async\" src=\"https:\/\/static.xx.fbcdn.net\/images\/emoji.php\/v9\/t6c\/1.5\/16\/1f308.png\" alt=\"\ud83c\udf08\" width=\"16\" height=\"16\"><\/span><span class=\"x3nfvp2 x1j61x8r x1fcty0u xdj266r xhhsvwb xat24cr xgzva0m xxymvpz xlup9mm x1kky2od\"><img loading=\"lazy\" decoding=\"async\" src=\"https:\/\/static.xx.fbcdn.net\/images\/emoji.php\/v9\/t5e\/1.5\/16\/1f382.png\" alt=\"\ud83c\udf82\" width=\"16\" height=\"16\"><\/span><\/span><\/div>\n<\/div>\n<div class=\"x11i5rnm xat24cr x1mh8g0r x1vvkbs xtlvy1s x126k92a\">\n<div dir=\"auto\"><span style=\"font-family: 'comic sans ms', sans-serif; font-size: 14pt; color: #10a9eb;\">Zapraszamy do obejrzenia fotorelacji <span class=\"x3nfvp2 x1j61x8r x1fcty0u xdj266r xhhsvwb xat24cr xgzva0m xxymvpz xlup9mm x1kky2od\"><img loading=\"lazy\" decoding=\"async\" src=\"https:\/\/static.xx.fbcdn.net\/images\/emoji.php\/v9\/t37\/1.5\/16\/1f4f8.png\" alt=\"\ud83d\udcf8\" width=\"16\" height=\"16\"><\/span>z tego pi\u0119knego wydarzenia, w kt\u00f3rym mieli\u015bmy okazj\u0119 bra\u0107 udzia\u0142. Dw\u00f3jka przedstawicieli naszej grupy &#8211; Sara i Iga, bra\u0142y udzia\u0142 w Quizie na temat naszego miasta Kluczbork, wykaza\u0142y si\u0119 niesamowit\u0105 wiedz\u0105, zna\u0142y odpowied\u017a na ka\u017cde pytanie. A Hania mia\u0142a okazj\u0119 odebra\u0107 klucz do miasta od pana Burmistrza <span class=\"x3nfvp2 x1j61x8r x1fcty0u xdj266r xhhsvwb xat24cr xgzva0m xxymvpz xlup9mm x1kky2od\"><img loading=\"lazy\" decoding=\"async\" src=\"https:\/\/static.xx.fbcdn.net\/images\/emoji.php\/v9\/td8\/1.5\/16\/1f60a.png\" alt=\"\ud83d\ude0a\" width=\"16\" height=\"16\"><\/span><span class=\"x3nfvp2 x1j61x8r x1fcty0u xdj266r xhhsvwb xat24cr xgzva0m xxymvpz xlup9mm x1kky2od\"><img loading=\"lazy\" decoding=\"async\" src=\"https:\/\/static.xx.fbcdn.net\/images\/emoji.php\/v9\/tb1\/1.5\/16\/1f929.png\" alt=\"\ud83e\udd29\" width=\"16\" height=\"16\"><\/span> <span class=\"x3nfvp2 x1j61x8r x1fcty0u xdj266r xhhsvwb xat24cr xgzva0m xxymvpz xlup9mm x1kky2od\"><img loading=\"lazy\" decoding=\"async\" src=\"https:\/\/static.xx.fbcdn.net\/images\/emoji.php\/v9\/t55\/1.5\/16\/1f44d.png\" alt=\"\ud83d\udc4d\" width=\"16\" height=\"16\"><\/span><\/span><\/div>\n<\/div>\n<div class=\"x11i5rnm xat24cr x1mh8g0r x1vvkbs xtlvy1s x126k92a\">&nbsp;<\/div>\n<div dir=\"auto\">&nbsp;<\/div>\n<div dir=\"auto\"><span style=\"font-family: 'comic sans ms', sans-serif; font-size: 14pt; color: #10a9eb;\">Linki do fotorelacji:<\/span><\/div>\n<div dir=\"auto\">&nbsp;<\/div>\n<div dir=\"auto\"><span style=\"font-family: 'comic sans ms', sans-serif; font-size: 14pt; color: #10a9eb;\"><a style=\"color: #10a9eb;\" href=\"https:\/\/www.facebook.com\/Kluczbork\/posts\/pfbid0arDSF4wnXVPTApGN6c2oo1xzaobnkZuvhSroyjiyKubnFKDH5961rfPNai3dnU8Wl\" target=\"_blank\" rel=\"noopener\">link 1&nbsp;<\/a><\/span><\/div>\n<div dir=\"auto\"><span style=\"font-family: 'comic sans ms', sans-serif; font-size: 14pt; color: #10a9eb;\"><a style=\"color: #10a9eb;\" href=\"https:\/\/www.facebook.com\/Kluczbork\/posts\/pfbid02g3R4Yoc3YLfRTdTsCV5gX3NMRWCEeJ2Zak6MfkSz7MRHxsuVYaXqVGHREwvPTXp3l\" target=\"_blank\" rel=\"noopener\">link 2<\/a><\/span><\/div>\n<div dir=\"auto\">&nbsp;<\/div>\n","protected":false},"excerpt":{"rendered":"<p>2 czerwca z okazji 770-lecia miasta Administracja O\u015bwiaty w Kluczborku zorganizowa\u0142a Piknik Urodzinowy Kluczborka Zapraszamy do obejrzenia fotorelacji z tego pi\u0119knego wydarzenia, w kt\u00f3rym mieli\u015bmy okazj\u0119 bra\u0107 udzia\u0142. Dw\u00f3jka przedstawicieli naszej grupy &#8211; Sara i Iga, bra\u0142y udzia\u0142 w Quizie na temat naszego miasta Kluczbork, wykaza\u0142y si\u0119 niesamowit\u0105 wiedz\u0105, zna\u0142y [&hellip;]<\/p>\n","protected":false},"author":15,"featured_media":3814,"comment_status":"open","ping_status":"open","sticky":false,"template":"","format":"standard","meta":{"ngg_post_thumbnail":0,"footnotes":""},"categories":[29],"tags":[],"_links":{"self":[{"href":"https:\/\/pp8.kluczbork.pl\/index.php?rest_route=\/wp\/v2\/posts\/4356"}],"collection":[{"href":"https:\/\/pp8.kluczbork.pl\/index.php?rest_route=\/wp\/v2\/posts"}],"about":[{"href":"https:\/\/pp8.kluczbork.pl\/index.php?rest_route=\/wp\/v2\/types\/post"}],"author":[{"embeddable":true,"href":"https:\/\/pp8.kluczbork.pl\/index.php?rest_route=\/wp\/v2\/users\/15"}],"replies":[{"embeddable":true,"href":"https:\/\/pp8.kluczbork.pl\/index.php?rest_route=%2Fwp%2Fv2%2Fcomments&post=4356"}],"version-history":[{"count":2,"href":"https:\/\/pp8.kluczbork.pl\/index.php?rest_route=\/wp\/v2\/posts\/4356\/revisions"}],"predecessor-version":[{"id":4358,"href":"https:\/\/pp8.kluczbork.pl\/index.php?rest_route=\/wp\/v2\/posts\/4356\/revisions\/4358"}],"wp:featuredmedia":[{"embeddable":true,"href":"https:\/\/pp8.kluczbork.pl\/index.php?rest_route=\/wp\/v2\/media\/3814"}],"wp:attachment":[{"href":"https:\/\/pp8.kluczbork.pl\/index.php?rest_route=%2Fwp%2Fv2%2Fmedia&parent=4356"}],"wp:term":[{"taxonomy":"category","embeddable":true,"href":"https:\/\/pp8.kluczbork.pl\/index.php?rest_route=%2Fwp%2Fv2%2Fcategories&post=4356"},{"taxonomy":"post_tag","embeddable":true,"href":"https:\/\/pp8.kluczbork.pl\/index.php?rest_route=%2Fwp%2Fv2%2Ftags&post=4356"}],"curies":[{"name":"wp","href":"https:\/\/api.w.org\/{rel}","templated":true}]}}