{"id":4353,"date":"2023-06-05T16:41:37","date_gmt":"2023-06-05T16:41:37","guid":{"rendered":"https:\/\/pp8.kluczbork.pl\/?p=4353"},"modified":"2023-06-05T16:41:37","modified_gmt":"2023-06-05T16:41:37","slug":"dzien-dziecka-2023","status":"publish","type":"post","link":"https:\/\/pp8.kluczbork.pl\/?p=4353","title":{"rendered":"Dzie\u0144 Dziecka 2023"},"content":{"rendered":"<p align=\"center\"><span style=\"font-family: 'comic sans ms', sans-serif; font-size: 14pt; color: #fa9420;\"><strong>\u201eTylko dzieci potrafi\u0105 zatkn\u0105\u0107 kij w piasku,<br \/>\nuzna\u0107, \u017ce jest kr\u00f3low\u0105 i obdarzy\u0107 go mi\u0142o\u015bci\u0105.\u201d<\/strong><\/span><\/p>\n<p style=\"text-align: right;\"><span style=\"font-family: 'comic sans ms', sans-serif; font-size: 14pt; color: #fa9420;\"><strong>&nbsp;&nbsp;&nbsp;&nbsp;&nbsp;&nbsp;&nbsp;&nbsp;&nbsp;&nbsp;&nbsp;&nbsp;&nbsp;&nbsp;&nbsp;&nbsp;&nbsp;&nbsp;&nbsp;&nbsp;&nbsp;&nbsp;&nbsp;Antoine de Saint \u2013 Exup\u00e9re<\/strong><\/span><\/p>\n<p style=\"text-align: center;\"><span style=\"font-family: 'comic sans ms', sans-serif; font-size: 14pt; color: #12db7a;\">Dzie\u0144 Dziecka to \u015bwi\u0119to obchodzone niemal na ca\u0142ym \u015bwiecie.<br \/>\nJednak nie we wszystkich krajach w tym samym dniu i w ten sam spos\u00f3b. <\/span><br \/>\n<span style=\"color: #12db7a;\"><span style=\"font-family: 'comic sans ms', sans-serif; font-size: 14pt;\">R\u00f3\u017cnice wynikaj\u0105 przede wszystkim z tradycji narodowych i religijnych danego obszaru kulturowego.<br \/>\n<\/span><span style=\"font-family: 'comic sans ms', sans-serif; font-size: 14pt;\">W Polsce jest obchodzone 1 czerwca, a ka\u017cdy rodzic o nim pami\u0119ta.<\/span><\/span><\/p>\n<p align=\"center\"><span style=\"font-family: 'comic sans ms', sans-serif; font-size: 14pt; color: #d082e8;\">W przedszkolu tego dnia starali\u015bmy si\u0119, aby naszym dzieciom umili\u0107 czas. <\/span><br \/>\n<span style=\"color: #d082e8;\"><span style=\"font-family: 'comic sans ms', sans-serif; font-size: 14pt;\">Przygotowano wiele atrakcji: zabawy sportowe na \u015bwie\u017cym powietrzu,<br \/>\nmalowanie twarzy, <\/span><span style=\"font-family: 'comic sans ms', sans-serif; font-size: 14pt;\">ta\u0144ce przy muzyce na \u015bwie\u017cym powietrzu itp.<\/span><\/span><\/p>\n<p align=\"center\"><span style=\"font-family: 'comic sans ms', sans-serif; font-size: 14pt; color: #d082e8;\">Wszystkiego najlepszego wszystkim dzieciom!<\/span><\/p>\n<p align=\"center\"><span style=\"font-family: 'comic sans ms', sans-serif; font-size: 14pt; color: #fa9420;\"><a style=\"color: #fa9420;\" href=\"https:\/\/flic.kr\/s\/aHBqjAGBf9\" target=\"_blank\" rel=\"noopener\">Galeria zdj\u0119\u0107<\/a><\/span><\/p>\n","protected":false},"excerpt":{"rendered":"<p>\u201eTylko dzieci potrafi\u0105 zatkn\u0105\u0107 kij w piasku, uzna\u0107, \u017ce jest kr\u00f3low\u0105 i obdarzy\u0107 go mi\u0142o\u015bci\u0105.\u201d &nbsp;&nbsp;&nbsp;&nbsp;&nbsp;&nbsp;&nbsp;&nbsp;&nbsp;&nbsp;&nbsp;&nbsp;&nbsp;&nbsp;&nbsp;&nbsp;&nbsp;&nbsp;&nbsp;&nbsp;&nbsp;&nbsp;&nbsp;Antoine de Saint \u2013 Exup\u00e9re Dzie\u0144 Dziecka to \u015bwi\u0119to obchodzone niemal na ca\u0142ym \u015bwiecie. Jednak nie we wszystkich krajach w tym samym dniu i w ten sam spos\u00f3b. R\u00f3\u017cnice wynikaj\u0105 przede wszystkim z tradycji narodowych [&hellip;]<\/p>\n","protected":false},"author":15,"featured_media":2343,"comment_status":"open","ping_status":"open","sticky":false,"template":"","format":"standard","meta":{"ngg_post_thumbnail":0,"footnotes":""},"categories":[29],"tags":[],"_links":{"self":[{"href":"https:\/\/pp8.kluczbork.pl\/index.php?rest_route=\/wp\/v2\/posts\/4353"}],"collection":[{"href":"https:\/\/pp8.kluczbork.pl\/index.php?rest_route=\/wp\/v2\/posts"}],"about":[{"href":"https:\/\/pp8.kluczbork.pl\/index.php?rest_route=\/wp\/v2\/types\/post"}],"author":[{"embeddable":true,"href":"https:\/\/pp8.kluczbork.pl\/index.php?rest_route=\/wp\/v2\/users\/15"}],"replies":[{"embeddable":true,"href":"https:\/\/pp8.kluczbork.pl\/index.php?rest_route=%2Fwp%2Fv2%2Fcomments&post=4353"}],"version-history":[{"count":2,"href":"https:\/\/pp8.kluczbork.pl\/index.php?rest_route=\/wp\/v2\/posts\/4353\/revisions"}],"predecessor-version":[{"id":4355,"href":"https:\/\/pp8.kluczbork.pl\/index.php?rest_route=\/wp\/v2\/posts\/4353\/revisions\/4355"}],"wp:featuredmedia":[{"embeddable":true,"href":"https:\/\/pp8.kluczbork.pl\/index.php?rest_route=\/wp\/v2\/media\/2343"}],"wp:attachment":[{"href":"https:\/\/pp8.kluczbork.pl\/index.php?rest_route=%2Fwp%2Fv2%2Fmedia&parent=4353"}],"wp:term":[{"taxonomy":"category","embeddable":true,"href":"https:\/\/pp8.kluczbork.pl\/index.php?rest_route=%2Fwp%2Fv2%2Fcategories&post=4353"},{"taxonomy":"post_tag","embeddable":true,"href":"https:\/\/pp8.kluczbork.pl\/index.php?rest_route=%2Fwp%2Fv2%2Ftags&post=4353"}],"curies":[{"name":"wp","href":"https:\/\/api.w.org\/{rel}","templated":true}]}}