{"id":4343,"date":"2023-06-04T12:57:22","date_gmt":"2023-06-04T12:57:22","guid":{"rendered":"https:\/\/pp8.kluczbork.pl\/?p=4343"},"modified":"2023-06-04T12:57:22","modified_gmt":"2023-06-04T12:57:22","slug":"baleriny-2023","status":"publish","type":"post","link":"https:\/\/pp8.kluczbork.pl\/?p=4343","title":{"rendered":"Baleriny 2023"},"content":{"rendered":"<p style=\"font-weight: 400;\"><span style=\"font-family: 'comic sans ms', sans-serif;\"><strong>3 VI 2023<\/strong> roku dzieci z naszego przedszkola i jej oddzia\u0142u bra\u0142y udzia\u0142<br \/>\n&nbsp;<span style=\"color: #ff0000;\"><strong>w VIII Wojew\u00f3dzkim Przegl\u0105dzie Tanecznym Przedszkolak\u00f3w<br \/>\npt. \u201eBaleriny 2023\u201d.<\/strong><\/span><\/span><\/p>\n<p style=\"font-weight: 400;\"><span style=\"font-family: 'comic sans ms', sans-serif;\">&nbsp;Uczestnik\u00f3w by\u0142o bardzo wiele. Nasze Przedszkolaki zaprezentowa\u0142y si\u0119 znakomicie, <\/span><br \/>\n<span style=\"font-family: 'comic sans ms', sans-serif;\">ukazuj\u0105c swoje umiej\u0119tno\u015bci taneczne. Wykaza\u0142y si\u0119 umiej\u0119tno\u015bci\u0105 zaprezentowania na scenie, <\/span><br \/>\n<span style=\"font-family: 'comic sans ms', sans-serif;\">a przede wszystkim przezwyci\u0119\u017cenie tremy, <\/span><span style=\"font-family: 'comic sans ms', sans-serif;\">budowania wiary<br \/>\nwe w\u0142asne si\u0142y i talent, a tak\u017ce realizacj\u0119 \u201ema\u0142ych\u201d marze\u0144.<\/span><\/p>\n<p style=\"font-weight: 400;\"><span style=\"font-family: 'comic sans ms', sans-serif;\">Dzieci zdoby\u0142y nast\u0119puj\u0105ce miejsca:<\/span><\/p>\n<p style=\"font-weight: 400;\"><span style=\"font-family: 'comic sans ms', sans-serif; color: #3366ff;\"><strong>I miejsce<\/strong> w kategorii \u201eMini formacje taneczne\u201d dzieci 3-4 l &nbsp;&#8211; dzi<strong>eci 4 letnie z oddzia\u0142u Smardy<\/strong>;<\/span><\/p>\n<p style=\"font-weight: 400;\"><span style=\"font-family: 'comic sans ms', sans-serif; color: #993366;\"><strong>I miejsce<\/strong> w kategorii &nbsp;\u201eInne formy taneczne\u201d &#8211; <strong>dzieci 5-6 letnie z<\/strong> <strong>oddzia\u0142u Smardy;<\/strong><\/span><\/p>\n<p style=\"font-weight: 400;\"><span style=\"font-family: 'comic sans ms', sans-serif; color: #339966;\"><strong>III miejsce <\/strong>w kategorii \u201eCheerleaderki\u201d<strong>&nbsp; &#8211; dziewczynki 6 letnie z gr. \u201ePrzyjaciele Kubusia\u201d;<\/strong><\/span><\/p>\n<p style=\"font-weight: 400;\"><span style=\"font-family: 'comic sans ms', sans-serif; color: #3366ff;\"><strong>I miejsce <\/strong>w kategorii \u201eSolo\u201d 6 latki\u201d<strong> \u2013 Iga Or\u0142owska z gr. \u201eM\u0105dre Sowy\u201d.<\/strong><\/span><\/p>\n<p style=\"font-weight: 400;\"><span style=\"color: #ff0000;\"><strong><span style=\"font-family: 'comic sans ms', sans-serif;\">Wszystkim uczestnikom Gratulujemy i \u017cyczymy dalszych sukces\u00f3w!<\/span><\/strong><\/span><\/p>\n<p style=\"font-weight: 400;\"><span style=\"font-family: 'comic sans ms', sans-serif;\">W przerwie Przegl\u0105du dzieci mia\u0142y okazj\u0119 skorzysta\u0107 z wielu atrakcji,<\/span><br \/>\n<span style=\"font-family: 'comic sans ms', sans-serif;\">miedzy innymi ze wsp\u00f3lnej Zumby. <\/span><br \/>\n<span style=\"font-family: 'comic sans ms', sans-serif;\">Dla dzieci by\u0142 to niezapomniany dzie\u0144,<br \/>\npe\u0142en wra\u017ce\u0144 i do\u015bwiadczenie czego\u015b nowego.<\/span><\/p>\n<p style=\"font-weight: 400;\"><span style=\"color: #339966; font-family: 'comic sans ms', sans-serif;\"><strong>Dzi\u0119kujemy Rodzicom za zaanga\u017cowanie i pomoc w wyst\u0119pie dzieci.<\/strong><\/span><\/p>\n<p><span style=\"font-family: 'comic sans ms', sans-serif;\"><a href=\"https:\/\/flic.kr\/s\/aHBqjAGrhB\">Galeria zdj\u0119\u0107<\/a><\/span><\/p>\n","protected":false},"excerpt":{"rendered":"<p>3 VI 2023 roku dzieci z naszego przedszkola i jej oddzia\u0142u bra\u0142y udzia\u0142 &nbsp;w VIII Wojew\u00f3dzkim Przegl\u0105dzie Tanecznym Przedszkolak\u00f3w pt. \u201eBaleriny 2023\u201d. &nbsp;Uczestnik\u00f3w by\u0142o bardzo wiele. Nasze Przedszkolaki zaprezentowa\u0142y si\u0119 znakomicie, ukazuj\u0105c swoje umiej\u0119tno\u015bci taneczne. Wykaza\u0142y si\u0119 umiej\u0119tno\u015bci\u0105 zaprezentowania na scenie, a przede wszystkim przezwyci\u0119\u017cenie tremy, budowania wiary we w\u0142asne [&hellip;]<\/p>\n","protected":false},"author":16,"featured_media":4344,"comment_status":"open","ping_status":"open","sticky":false,"template":"","format":"standard","meta":{"ngg_post_thumbnail":0,"footnotes":""},"categories":[30,275],"tags":[],"_links":{"self":[{"href":"https:\/\/pp8.kluczbork.pl\/index.php?rest_route=\/wp\/v2\/posts\/4343"}],"collection":[{"href":"https:\/\/pp8.kluczbork.pl\/index.php?rest_route=\/wp\/v2\/posts"}],"about":[{"href":"https:\/\/pp8.kluczbork.pl\/index.php?rest_route=\/wp\/v2\/types\/post"}],"author":[{"embeddable":true,"href":"https:\/\/pp8.kluczbork.pl\/index.php?rest_route=\/wp\/v2\/users\/16"}],"replies":[{"embeddable":true,"href":"https:\/\/pp8.kluczbork.pl\/index.php?rest_route=%2Fwp%2Fv2%2Fcomments&post=4343"}],"version-history":[{"count":2,"href":"https:\/\/pp8.kluczbork.pl\/index.php?rest_route=\/wp\/v2\/posts\/4343\/revisions"}],"predecessor-version":[{"id":4346,"href":"https:\/\/pp8.kluczbork.pl\/index.php?rest_route=\/wp\/v2\/posts\/4343\/revisions\/4346"}],"wp:featuredmedia":[{"embeddable":true,"href":"https:\/\/pp8.kluczbork.pl\/index.php?rest_route=\/wp\/v2\/media\/4344"}],"wp:attachment":[{"href":"https:\/\/pp8.kluczbork.pl\/index.php?rest_route=%2Fwp%2Fv2%2Fmedia&parent=4343"}],"wp:term":[{"taxonomy":"category","embeddable":true,"href":"https:\/\/pp8.kluczbork.pl\/index.php?rest_route=%2Fwp%2Fv2%2Fcategories&post=4343"},{"taxonomy":"post_tag","embeddable":true,"href":"https:\/\/pp8.kluczbork.pl\/index.php?rest_route=%2Fwp%2Fv2%2Ftags&post=4343"}],"curies":[{"name":"wp","href":"https:\/\/api.w.org\/{rel}","templated":true}]}}