{"id":4335,"date":"2023-06-01T15:23:59","date_gmt":"2023-06-01T15:23:59","guid":{"rendered":"https:\/\/pp8.kluczbork.pl\/?p=4335"},"modified":"2023-06-01T15:23:59","modified_gmt":"2023-06-01T15:23:59","slug":"dzien-dziecka-w-przedszkolu","status":"publish","type":"post","link":"https:\/\/pp8.kluczbork.pl\/?p=4335","title":{"rendered":"Dzie\u0144 Dziecka w przedszkolu"},"content":{"rendered":"<p style=\"text-align: center\">Dzie\u0144 Dziecka to \u015bwi\u0119to, kt\u00f3re uwielbiaj\u0105 wszystkie dzieci, te ma\u0142e i te du\u017ce.<\/p>\n<p style=\"text-align: center\">To dzie\u0144 pe\u0142en u\u015bmiech\u00f3w, zabawy, niespodzianek, rado\u015bci i wielu niezapomnianych wra\u017ce\u0144!<\/p>\n<p style=\"text-align: center\"><span style=\"color: #ff9900\">Wszystkim Dzieciom \u017cyczymy du\u017co zdrowia, beztroski i wiele rado\u015bci!<\/span><\/p>\n<p>&nbsp;<\/p>\n<p><a href=\"https:\/\/flic.kr\/s\/aHBqjAGce9\">Galeria zdj\u0119\u0107<\/a><\/p>\n","protected":false},"excerpt":{"rendered":"<p>Dzie\u0144 Dziecka to \u015bwi\u0119to, kt\u00f3re uwielbiaj\u0105 wszystkie dzieci, te ma\u0142e i te du\u017ce. To dzie\u0144 pe\u0142en u\u015bmiech\u00f3w, zabawy, niespodzianek, rado\u015bci i wielu niezapomnianych wra\u017ce\u0144! Wszystkim Dzieciom \u017cyczymy du\u017co zdrowia, beztroski i wiele rado\u015bci! &nbsp; Galeria zdj\u0119\u0107<\/p>\n","protected":false},"author":4,"featured_media":4336,"comment_status":"open","ping_status":"open","sticky":false,"template":"","format":"standard","meta":{"ngg_post_thumbnail":0,"footnotes":""},"categories":[31],"tags":[],"_links":{"self":[{"href":"https:\/\/pp8.kluczbork.pl\/index.php?rest_route=\/wp\/v2\/posts\/4335"}],"collection":[{"href":"https:\/\/pp8.kluczbork.pl\/index.php?rest_route=\/wp\/v2\/posts"}],"about":[{"href":"https:\/\/pp8.kluczbork.pl\/index.php?rest_route=\/wp\/v2\/types\/post"}],"author":[{"embeddable":true,"href":"https:\/\/pp8.kluczbork.pl\/index.php?rest_route=\/wp\/v2\/users\/4"}],"replies":[{"embeddable":true,"href":"https:\/\/pp8.kluczbork.pl\/index.php?rest_route=%2Fwp%2Fv2%2Fcomments&post=4335"}],"version-history":[{"count":1,"href":"https:\/\/pp8.kluczbork.pl\/index.php?rest_route=\/wp\/v2\/posts\/4335\/revisions"}],"predecessor-version":[{"id":4337,"href":"https:\/\/pp8.kluczbork.pl\/index.php?rest_route=\/wp\/v2\/posts\/4335\/revisions\/4337"}],"wp:featuredmedia":[{"embeddable":true,"href":"https:\/\/pp8.kluczbork.pl\/index.php?rest_route=\/wp\/v2\/media\/4336"}],"wp:attachment":[{"href":"https:\/\/pp8.kluczbork.pl\/index.php?rest_route=%2Fwp%2Fv2%2Fmedia&parent=4335"}],"wp:term":[{"taxonomy":"category","embeddable":true,"href":"https:\/\/pp8.kluczbork.pl\/index.php?rest_route=%2Fwp%2Fv2%2Fcategories&post=4335"},{"taxonomy":"post_tag","embeddable":true,"href":"https:\/\/pp8.kluczbork.pl\/index.php?rest_route=%2Fwp%2Fv2%2Ftags&post=4335"}],"curies":[{"name":"wp","href":"https:\/\/api.w.org\/{rel}","templated":true}]}}