{"id":4330,"date":"2023-05-31T19:36:36","date_gmt":"2023-05-31T19:36:36","guid":{"rendered":"https:\/\/pp8.kluczbork.pl\/?p=4330"},"modified":"2023-05-31T19:36:36","modified_gmt":"2023-05-31T19:36:36","slug":"koncert-szkoly-muzycznej","status":"publish","type":"post","link":"https:\/\/pp8.kluczbork.pl\/?p=4330","title":{"rendered":"Koncert Szko\u0142y Muzycznej"},"content":{"rendered":"<p><span style=\"font-family: 'comic sans ms', sans-serif; font-size: 14pt;\">23 maja nasza grupa uczestniczy\u0142a w pi\u0119knym koncercie w Kinie Bajka. W \u015bwietle reflektor\u00f3w zaprezentowali si\u0119 uczniowie Szko\u0142y Muzycznej I stopnia im. Ignacego Paderewskiego w Kluczborku.<\/span><\/p>\n<p><span style=\"font-family: 'comic sans ms', sans-serif; font-size: 14pt;\"><a href=\"https:\/\/flic.kr\/s\/aHBqjAG5Jf\" target=\"_blank\" rel=\"noopener\">Galeria zdj\u0119\u0107<\/a><\/span><\/p>\n","protected":false},"excerpt":{"rendered":"<p>23 maja nasza grupa uczestniczy\u0142a w pi\u0119knym koncercie w Kinie Bajka. W \u015bwietle reflektor\u00f3w zaprezentowali si\u0119 uczniowie Szko\u0142y Muzycznej I stopnia im. Ignacego Paderewskiego w Kluczborku. Galeria zdj\u0119\u0107<\/p>\n","protected":false},"author":15,"featured_media":4302,"comment_status":"open","ping_status":"open","sticky":false,"template":"","format":"standard","meta":{"ngg_post_thumbnail":0,"footnotes":""},"categories":[29],"tags":[],"_links":{"self":[{"href":"https:\/\/pp8.kluczbork.pl\/index.php?rest_route=\/wp\/v2\/posts\/4330"}],"collection":[{"href":"https:\/\/pp8.kluczbork.pl\/index.php?rest_route=\/wp\/v2\/posts"}],"about":[{"href":"https:\/\/pp8.kluczbork.pl\/index.php?rest_route=\/wp\/v2\/types\/post"}],"author":[{"embeddable":true,"href":"https:\/\/pp8.kluczbork.pl\/index.php?rest_route=\/wp\/v2\/users\/15"}],"replies":[{"embeddable":true,"href":"https:\/\/pp8.kluczbork.pl\/index.php?rest_route=%2Fwp%2Fv2%2Fcomments&post=4330"}],"version-history":[{"count":1,"href":"https:\/\/pp8.kluczbork.pl\/index.php?rest_route=\/wp\/v2\/posts\/4330\/revisions"}],"predecessor-version":[{"id":4331,"href":"https:\/\/pp8.kluczbork.pl\/index.php?rest_route=\/wp\/v2\/posts\/4330\/revisions\/4331"}],"wp:featuredmedia":[{"embeddable":true,"href":"https:\/\/pp8.kluczbork.pl\/index.php?rest_route=\/wp\/v2\/media\/4302"}],"wp:attachment":[{"href":"https:\/\/pp8.kluczbork.pl\/index.php?rest_route=%2Fwp%2Fv2%2Fmedia&parent=4330"}],"wp:term":[{"taxonomy":"category","embeddable":true,"href":"https:\/\/pp8.kluczbork.pl\/index.php?rest_route=%2Fwp%2Fv2%2Fcategories&post=4330"},{"taxonomy":"post_tag","embeddable":true,"href":"https:\/\/pp8.kluczbork.pl\/index.php?rest_route=%2Fwp%2Fv2%2Ftags&post=4330"}],"curies":[{"name":"wp","href":"https:\/\/api.w.org\/{rel}","templated":true}]}}