{"id":4301,"date":"2023-05-24T19:38:52","date_gmt":"2023-05-24T19:38:52","guid":{"rendered":"https:\/\/pp8.kluczbork.pl\/?p=4301"},"modified":"2023-05-24T19:57:17","modified_gmt":"2023-05-24T19:57:17","slug":"koncert-dla-przedszkolakow","status":"publish","type":"post","link":"https:\/\/pp8.kluczbork.pl\/?p=4301","title":{"rendered":"Koncert dla przedszkolak\u00f3w"},"content":{"rendered":"<p>&nbsp;<\/p>\n<p><img loading=\"lazy\" decoding=\"async\" class=\"aligncenter wp-image-4302 size-large\" src=\"https:\/\/pp8.kluczbork.pl\/wp-content\/uploads\/2023\/05\/IMG_0538-1024x768.jpeg\" alt=\"\" width=\"1024\" height=\"768\" srcset=\"https:\/\/pp8.kluczbork.pl\/wp-content\/uploads\/2023\/05\/IMG_0538-1024x768.jpeg 1024w, https:\/\/pp8.kluczbork.pl\/wp-content\/uploads\/2023\/05\/IMG_0538-300x225.jpeg 300w, https:\/\/pp8.kluczbork.pl\/wp-content\/uploads\/2023\/05\/IMG_0538-768x576.jpeg 768w, https:\/\/pp8.kluczbork.pl\/wp-content\/uploads\/2023\/05\/IMG_0538-1536x1152.jpeg 1536w, https:\/\/pp8.kluczbork.pl\/wp-content\/uploads\/2023\/05\/IMG_0538.jpeg 2048w\" sizes=\"(max-width: 1024px) 100vw, 1024px\" \/><\/p>\n<p style=\"padding-left: 40px\"><span style=\"font-family: 'comic sans ms', sans-serif;color: #333399;font-size: 14pt\">Jednym z wielu zada\u0144 przedszkola jest rozwijanie wra\u017cliwo\u015bci muzycznej dziecka i przygotowanie go do odbioru muzyki, dlatego grupa <strong>Kubusie<\/strong> uda\u0142a si\u0119 na koncert dla przedszkolak\u00f3w zorganizowany przez <strong>Szko\u0142a Muzyczn\u0105 I stopnia im Ignacego J. Paderewskiego w Kluczborku.<\/strong><\/span><\/p>\n<p style=\"padding-left: 40px\"><span style=\"font-family: 'comic sans ms', sans-serif;color: #333399;font-size: 14pt\">Ju\u017c od samego pocz\u0105tku przedszkolaki zafascynowane by\u0142y r\u00f3\u017cnorodno\u015bci\u0105 instrument\u00f3w muzycznych, kt\u00f3re zaprezentowali absolwenci Szko\u0142y Muzycznej. Dzieci mia\u0142y okazj\u0119 pozna\u0107 zar\u00f3wno instrumenty smyczkowe, takie jak skrzypce i alt\u00f3wka, jak i instrumenty d\u0119te, takie jak tr\u0105bka czy flet. Ka\u017cdy z prezentowanych instrument\u00f3w wzbudza\u0142 ogromne zainteresowanie i zachwyt naszych ma\u0142ych s\u0142uchaczy.<\/span><\/p>\n<p><img loading=\"lazy\" decoding=\"async\" class=\"aligncenter wp-image-4304 size-large\" src=\"https:\/\/pp8.kluczbork.pl\/wp-content\/uploads\/2023\/05\/IMG_0498-1024x768.jpeg\" alt=\"\" width=\"1024\" height=\"768\" srcset=\"https:\/\/pp8.kluczbork.pl\/wp-content\/uploads\/2023\/05\/IMG_0498-1024x768.jpeg 1024w, https:\/\/pp8.kluczbork.pl\/wp-content\/uploads\/2023\/05\/IMG_0498-300x225.jpeg 300w, https:\/\/pp8.kluczbork.pl\/wp-content\/uploads\/2023\/05\/IMG_0498-768x576.jpeg 768w, https:\/\/pp8.kluczbork.pl\/wp-content\/uploads\/2023\/05\/IMG_0498-1536x1152.jpeg 1536w, https:\/\/pp8.kluczbork.pl\/wp-content\/uploads\/2023\/05\/IMG_0498.jpeg 2048w\" sizes=\"(max-width: 1024px) 100vw, 1024px\" \/><\/p>\n<p style=\"padding-left: 40px\"><span style=\"font-family: 'comic sans ms', sans-serif;color: #333399;font-size: 14pt\">Koncert nie tylko pozwoli\u0142 nam zapozna\u0107 si\u0119 z instrumentami, ale r\u00f3wnie\u017c mia\u0142 na celu zach\u0119cenie przedszkolak\u00f3w do rozwijania swoich zainteresowa\u0144 muzycznych. Wykonawcy starali si\u0119 nawi\u0105za\u0107 bezpo\u015bredni kontakt z widzami, zach\u0119caj\u0105c ich do aktywnego udzia\u0142u w koncercie. Dzieci z wielkim zapa\u0142em bawi\u0142y si\u0119 przy rytmach muzyki, odwa\u017cnie klaszcz\u0105c w rytm utwor\u00f3w.<\/span><\/p>\n<p style=\"padding-left: 40px\"><span style=\"font-family: 'comic sans ms', sans-serif;color: #333399;font-size: 14pt\">Niesamowit\u0105 atmosfer\u0119 koncertu stworzy\u0142a tak\u017ce odpowiednio dobrana muzyka. Zar\u00f3wno klasyczne kompozycje, jak i popularne melodie, wzbudza\u0142y rado\u015b\u0107 i ciekawo\u015b\u0107 w\u015br\u00f3d naszych ma\u0142ych s\u0142uchaczy. Dzieci by\u0142y zauroczone d\u017awi\u0119kami i nie mog\u0142y oderwa\u0107 wzroku od sceny.<\/span><\/p>\n<p style=\"padding-left: 40px\"><span style=\"font-family: 'comic sans ms', sans-serif;color: #333399;font-size: 14pt\">Na zako\u0144czenie koncertu, wszyscy wykonawcy otrzyma\u0142y zas\u0142u\u017cone brawa od przedszkolnej publiczno\u015bci. Ich wspania\u0142y wyst\u0119p i pasja, z jak\u0105 grali na instrumentach, zrobi\u0142y na nas maluchach ogromne wra\u017cenie. Dzieci z u\u015bmiechami na twarzach dzi\u0119kowa\u0142y wykonawcom za pi\u0119kn\u0105 muzyk\u0119, jak\u0105 mieli okazj\u0119 us\u0142ysze\u0107.<\/span><\/p>\n<p><img loading=\"lazy\" decoding=\"async\" class=\"aligncenter wp-image-4303 size-large\" src=\"https:\/\/pp8.kluczbork.pl\/wp-content\/uploads\/2023\/05\/IMG_0486-1024x768.jpeg\" alt=\"\" width=\"1024\" height=\"768\" srcset=\"https:\/\/pp8.kluczbork.pl\/wp-content\/uploads\/2023\/05\/IMG_0486-1024x768.jpeg 1024w, https:\/\/pp8.kluczbork.pl\/wp-content\/uploads\/2023\/05\/IMG_0486-300x225.jpeg 300w, https:\/\/pp8.kluczbork.pl\/wp-content\/uploads\/2023\/05\/IMG_0486-768x576.jpeg 768w, https:\/\/pp8.kluczbork.pl\/wp-content\/uploads\/2023\/05\/IMG_0486-1536x1152.jpeg 1536w, https:\/\/pp8.kluczbork.pl\/wp-content\/uploads\/2023\/05\/IMG_0486.jpeg 2048w\" sizes=\"(max-width: 1024px) 100vw, 1024px\" \/><\/p>\n<p style=\"text-align: center\"><span style=\"font-family: 'trebuchet ms', geneva, sans-serif;font-size: 14pt;color: #ff0000\">Chcieliby\u015bmy serdecznie podzi\u0119kowa\u0107 wszystkim pracownikom i uczniom Szko\u0142y Muzycznej I stopnia imienia Ignacego J. Paderewskiego w Kluczborku za organizacj\u0119 tego niezwyk\u0142ego koncertu. Dzi\u0119ki Wam, nasze przedszkolaki mia\u0142y okazj\u0119 odkry\u0107 pi\u0119kno i magi\u0119 muzyki oraz zyska\u0107 now\u0105 pasj\u0119 do tw\u00f3rczo\u015bci muzycznej.<\/span><\/p>\n<p>&nbsp;<\/p>\n<p><a href=\"https:\/\/flic.kr\/s\/aHBqjAF92f\">Zapraszamy do galerii zdj\u0119\u0107<\/a><\/p>\n","protected":false},"excerpt":{"rendered":"<p>&nbsp; Jednym z wielu zada\u0144 przedszkola jest rozwijanie wra\u017cliwo\u015bci muzycznej dziecka i przygotowanie go do odbioru muzyki, dlatego grupa Kubusie uda\u0142a si\u0119 na koncert dla przedszkolak\u00f3w zorganizowany przez Szko\u0142a Muzyczn\u0105 I stopnia im Ignacego J. Paderewskiego w Kluczborku. Ju\u017c od samego pocz\u0105tku przedszkolaki zafascynowane by\u0142y r\u00f3\u017cnorodno\u015bci\u0105 instrument\u00f3w muzycznych, kt\u00f3re zaprezentowali [&hellip;]<\/p>\n","protected":false},"author":11,"featured_media":4307,"comment_status":"open","ping_status":"open","sticky":false,"template":"","format":"standard","meta":{"ngg_post_thumbnail":0,"footnotes":""},"categories":[28],"tags":[],"_links":{"self":[{"href":"https:\/\/pp8.kluczbork.pl\/index.php?rest_route=\/wp\/v2\/posts\/4301"}],"collection":[{"href":"https:\/\/pp8.kluczbork.pl\/index.php?rest_route=\/wp\/v2\/posts"}],"about":[{"href":"https:\/\/pp8.kluczbork.pl\/index.php?rest_route=\/wp\/v2\/types\/post"}],"author":[{"embeddable":true,"href":"https:\/\/pp8.kluczbork.pl\/index.php?rest_route=\/wp\/v2\/users\/11"}],"replies":[{"embeddable":true,"href":"https:\/\/pp8.kluczbork.pl\/index.php?rest_route=%2Fwp%2Fv2%2Fcomments&post=4301"}],"version-history":[{"count":4,"href":"https:\/\/pp8.kluczbork.pl\/index.php?rest_route=\/wp\/v2\/posts\/4301\/revisions"}],"predecessor-version":[{"id":4309,"href":"https:\/\/pp8.kluczbork.pl\/index.php?rest_route=\/wp\/v2\/posts\/4301\/revisions\/4309"}],"wp:featuredmedia":[{"embeddable":true,"href":"https:\/\/pp8.kluczbork.pl\/index.php?rest_route=\/wp\/v2\/media\/4307"}],"wp:attachment":[{"href":"https:\/\/pp8.kluczbork.pl\/index.php?rest_route=%2Fwp%2Fv2%2Fmedia&parent=4301"}],"wp:term":[{"taxonomy":"category","embeddable":true,"href":"https:\/\/pp8.kluczbork.pl\/index.php?rest_route=%2Fwp%2Fv2%2Fcategories&post=4301"},{"taxonomy":"post_tag","embeddable":true,"href":"https:\/\/pp8.kluczbork.pl\/index.php?rest_route=%2Fwp%2Fv2%2Ftags&post=4301"}],"curies":[{"name":"wp","href":"https:\/\/api.w.org\/{rel}","templated":true}]}}