{"id":4275,"date":"2023-05-19T18:57:53","date_gmt":"2023-05-19T18:57:53","guid":{"rendered":"https:\/\/pp8.kluczbork.pl\/?p=4275"},"modified":"2023-05-19T18:59:05","modified_gmt":"2023-05-19T18:59:05","slug":"v-gminny-konkurs-piosenki-patriotycznej-w-bazanach","status":"publish","type":"post","link":"https:\/\/pp8.kluczbork.pl\/?p=4275","title":{"rendered":"V Gminny Konkurs Piosenki Patriotycznej w Ba\u017canach"},"content":{"rendered":"<p><span style=\"color: #d40b0b; font-family: 'comic sans ms', sans-serif; font-size: 14pt;\">27 kwietnia reprezentantka naszego przedszkola Iga Or\u0142owska wzi\u0119\u0142a udzia\u0142 w V Gminnym Konkursie Piosenki Patriotycznej pt. &#8222;\u017beby Polska by\u0142a Polsk\u0105&#8221; organizowanym przez Publiczne Przedszkole w Bogacicy. Podczas konkursu przepi\u0119knie wykona\u0142a utw\u00f3r &#8222;Dzi\u015b do Ciebie przyj\u015b\u0107 nie mog\u0119&#8221;, zajmuj\u0105c zaszczytne drugie miejsce.&nbsp;<\/span><\/p>\n<p><span style=\"color: #d40b0b; font-family: 'comic sans ms', sans-serif; font-size: 14pt;\">Gratulujemy Idze i \u017cyczymy dalszych sukces\u00f3w<\/span><\/p>\n<p><span style=\"color: #d40b0b; font-family: 'comic sans ms', sans-serif; font-size: 14pt;\"><a style=\"color: #d40b0b;\" href=\"https:\/\/flic.kr\/s\/aHBqjAEfPT\" target=\"_blank\" rel=\"noopener\">Galeria zdj\u0119\u0107<\/a><\/span><\/p>\n","protected":false},"excerpt":{"rendered":"<p>27 kwietnia reprezentantka naszego przedszkola Iga Or\u0142owska wzi\u0119\u0142a udzia\u0142 w V Gminnym Konkursie Piosenki Patriotycznej pt. &#8222;\u017beby Polska by\u0142a Polsk\u0105&#8221; organizowanym przez Publiczne Przedszkole w Bogacicy. Podczas konkursu przepi\u0119knie wykona\u0142a utw\u00f3r &#8222;Dzi\u015b do Ciebie przyj\u015b\u0107 nie mog\u0119&#8221;, zajmuj\u0105c zaszczytne drugie miejsce.&nbsp; Gratulujemy Idze i \u017cyczymy dalszych sukces\u00f3w Galeria zdj\u0119\u0107<\/p>\n","protected":false},"author":15,"featured_media":4279,"comment_status":"open","ping_status":"open","sticky":false,"template":"","format":"standard","meta":{"ngg_post_thumbnail":0,"footnotes":""},"categories":[29],"tags":[],"_links":{"self":[{"href":"https:\/\/pp8.kluczbork.pl\/index.php?rest_route=\/wp\/v2\/posts\/4275"}],"collection":[{"href":"https:\/\/pp8.kluczbork.pl\/index.php?rest_route=\/wp\/v2\/posts"}],"about":[{"href":"https:\/\/pp8.kluczbork.pl\/index.php?rest_route=\/wp\/v2\/types\/post"}],"author":[{"embeddable":true,"href":"https:\/\/pp8.kluczbork.pl\/index.php?rest_route=\/wp\/v2\/users\/15"}],"replies":[{"embeddable":true,"href":"https:\/\/pp8.kluczbork.pl\/index.php?rest_route=%2Fwp%2Fv2%2Fcomments&post=4275"}],"version-history":[{"count":2,"href":"https:\/\/pp8.kluczbork.pl\/index.php?rest_route=\/wp\/v2\/posts\/4275\/revisions"}],"predecessor-version":[{"id":4278,"href":"https:\/\/pp8.kluczbork.pl\/index.php?rest_route=\/wp\/v2\/posts\/4275\/revisions\/4278"}],"wp:featuredmedia":[{"embeddable":true,"href":"https:\/\/pp8.kluczbork.pl\/index.php?rest_route=\/wp\/v2\/media\/4279"}],"wp:attachment":[{"href":"https:\/\/pp8.kluczbork.pl\/index.php?rest_route=%2Fwp%2Fv2%2Fmedia&parent=4275"}],"wp:term":[{"taxonomy":"category","embeddable":true,"href":"https:\/\/pp8.kluczbork.pl\/index.php?rest_route=%2Fwp%2Fv2%2Fcategories&post=4275"},{"taxonomy":"post_tag","embeddable":true,"href":"https:\/\/pp8.kluczbork.pl\/index.php?rest_route=%2Fwp%2Fv2%2Ftags&post=4275"}],"curies":[{"name":"wp","href":"https:\/\/api.w.org\/{rel}","templated":true}]}}