{"id":4269,"date":"2023-05-19T17:51:14","date_gmt":"2023-05-19T17:51:14","guid":{"rendered":"https:\/\/pp8.kluczbork.pl\/?p=4269"},"modified":"2023-05-19T17:53:36","modified_gmt":"2023-05-19T17:53:36","slug":"ii-powiatowy-festiwal-piosenki-przedszkolnej","status":"publish","type":"post","link":"https:\/\/pp8.kluczbork.pl\/?p=4269","title":{"rendered":"II Powiatowy Festiwal Piosenki Przedszkolnej"},"content":{"rendered":"<p>18 maja Lidzia D.\u00a0 wyst\u0105pi\u0142a na Festiwalu Piosenki Przedszkolnej w Wo\u0142czynie\u00a0 z piosenk\u0105 pt. &#8222;Jeste\u015bmy Jag\u00f3dki&#8230;&#8221; zdobywaj\u0105c II miejsce.<\/p>\n<p>Gratulujemy!!!<\/p>\n<p>&nbsp;<\/p>\n<p><a href=\"https:\/\/flic.kr\/s\/aHBqjAEk8p\">Galeria zdj\u0119\u0107<\/a><\/p>\n","protected":false},"excerpt":{"rendered":"<p>18 maja Lidzia D.\u00a0 wyst\u0105pi\u0142a na Festiwalu Piosenki Przedszkolnej w Wo\u0142czynie\u00a0 z piosenk\u0105 pt. &#8222;Jeste\u015bmy Jag\u00f3dki&#8230;&#8221; zdobywaj\u0105c II miejsce. Gratulujemy!!! &nbsp; Galeria zdj\u0119\u0107<\/p>\n","protected":false},"author":4,"featured_media":4272,"comment_status":"open","ping_status":"open","sticky":false,"template":"","format":"standard","meta":{"ngg_post_thumbnail":0,"footnotes":""},"categories":[31],"tags":[],"_links":{"self":[{"href":"https:\/\/pp8.kluczbork.pl\/index.php?rest_route=\/wp\/v2\/posts\/4269"}],"collection":[{"href":"https:\/\/pp8.kluczbork.pl\/index.php?rest_route=\/wp\/v2\/posts"}],"about":[{"href":"https:\/\/pp8.kluczbork.pl\/index.php?rest_route=\/wp\/v2\/types\/post"}],"author":[{"embeddable":true,"href":"https:\/\/pp8.kluczbork.pl\/index.php?rest_route=\/wp\/v2\/users\/4"}],"replies":[{"embeddable":true,"href":"https:\/\/pp8.kluczbork.pl\/index.php?rest_route=%2Fwp%2Fv2%2Fcomments&post=4269"}],"version-history":[{"count":2,"href":"https:\/\/pp8.kluczbork.pl\/index.php?rest_route=\/wp\/v2\/posts\/4269\/revisions"}],"predecessor-version":[{"id":4274,"href":"https:\/\/pp8.kluczbork.pl\/index.php?rest_route=\/wp\/v2\/posts\/4269\/revisions\/4274"}],"wp:featuredmedia":[{"embeddable":true,"href":"https:\/\/pp8.kluczbork.pl\/index.php?rest_route=\/wp\/v2\/media\/4272"}],"wp:attachment":[{"href":"https:\/\/pp8.kluczbork.pl\/index.php?rest_route=%2Fwp%2Fv2%2Fmedia&parent=4269"}],"wp:term":[{"taxonomy":"category","embeddable":true,"href":"https:\/\/pp8.kluczbork.pl\/index.php?rest_route=%2Fwp%2Fv2%2Fcategories&post=4269"},{"taxonomy":"post_tag","embeddable":true,"href":"https:\/\/pp8.kluczbork.pl\/index.php?rest_route=%2Fwp%2Fv2%2Ftags&post=4269"}],"curies":[{"name":"wp","href":"https:\/\/api.w.org\/{rel}","templated":true}]}}