{"id":4267,"date":"2023-05-19T17:47:47","date_gmt":"2023-05-19T17:47:47","guid":{"rendered":"https:\/\/pp8.kluczbork.pl\/?p=4267"},"modified":"2023-05-19T17:47:47","modified_gmt":"2023-05-19T17:47:47","slug":"pozegnanie-kolezanki-viktorii","status":"publish","type":"post","link":"https:\/\/pp8.kluczbork.pl\/?p=4267","title":{"rendered":"Po\u017cegnanie kole\u017canki Viktorii"},"content":{"rendered":"<p><span style=\"font-family: 'comic sans ms', sans-serif; font-size: 14pt; color: #fa0781;\"><strong><em>\u201eTak niedawno \u017ce\u015bmy si\u0119 poznali, a ju\u017c po\u017cegnania nadszed\u0142 czas\u2026\u201d<\/em><\/strong><\/span><\/p>\n<p><span style=\"font-family: 'comic sans ms', sans-serif; font-size: 14pt; color: #fa0781;\">20 kwietnia w naszej grupie zorganizowali\u015bmy po\u017cegnanie naszej kole\u017canki Viktorii, kt\u00f3ra razem z rodzicami i bratem postanowili wr\u00f3ci\u0107 do swojej rodzinnej miejscowo\u015bci na Ukrainie i tam rozpocz\u0105\u0107 ju\u017c nauk\u0119 w szkole podstawowej. Na po\u017cegnanie kole\u017canki i koledzy z grupy przygotowali dla Viktorii ksi\u0105\u017ceczk\u0119 z obrazkami narysowanymi specjalnie dla niej. Dzi\u0119kujemy Viktorii oraz jej mamie za przygotowanie s\u0142odkiego pocz\u0119stunku dla naszej grupy.&nbsp;<\/span><\/p>\n<p><span style=\"font-family: 'comic sans ms', sans-serif; font-size: 14pt; color: #fa0781;\"><strong><em>Viktorii \u017cyczymy powodzenia w szkole, wspania\u0142ych przyja\u017ani, a Rodzicom dzi\u0119kujemy za wsp\u00f3\u0142prac\u0119 i zaanga\u017cowanie na rzecz naszej grupy i przedszkola.<\/em><\/strong><\/span><\/p>\n<p><span style=\"font-family: 'comic sans ms', sans-serif; font-size: 14pt; color: #fa0781;\"><em>&nbsp;&nbsp;&nbsp;&nbsp;&nbsp;&nbsp;&nbsp;&nbsp;&nbsp;&nbsp; Dzieci i Panie z grupy \u201eM\u0105dre Sowy\u201d<\/em><\/span><\/p>\n<p><span style=\"color: #fa0781;\"><a style=\"color: #fa0781;\" href=\"https:\/\/flic.kr\/s\/aHBqjAEgpr\" target=\"_blank\" rel=\"noopener\"><span style=\"font-family: 'comic sans ms', sans-serif; font-size: 14pt;\">Galeria zdj\u0119\u0107<\/span><\/a><\/span><\/p>\n","protected":false},"excerpt":{"rendered":"<p>\u201eTak niedawno \u017ce\u015bmy si\u0119 poznali, a ju\u017c po\u017cegnania nadszed\u0142 czas\u2026\u201d 20 kwietnia w naszej grupie zorganizowali\u015bmy po\u017cegnanie naszej kole\u017canki Viktorii, kt\u00f3ra razem z rodzicami i bratem postanowili wr\u00f3ci\u0107 do swojej rodzinnej miejscowo\u015bci na Ukrainie i tam rozpocz\u0105\u0107 ju\u017c nauk\u0119 w szkole podstawowej. Na po\u017cegnanie kole\u017canki i koledzy z grupy przygotowali [&hellip;]<\/p>\n","protected":false},"author":15,"featured_media":4270,"comment_status":"open","ping_status":"open","sticky":false,"template":"","format":"standard","meta":{"ngg_post_thumbnail":0,"footnotes":""},"categories":[29],"tags":[],"_links":{"self":[{"href":"https:\/\/pp8.kluczbork.pl\/index.php?rest_route=\/wp\/v2\/posts\/4267"}],"collection":[{"href":"https:\/\/pp8.kluczbork.pl\/index.php?rest_route=\/wp\/v2\/posts"}],"about":[{"href":"https:\/\/pp8.kluczbork.pl\/index.php?rest_route=\/wp\/v2\/types\/post"}],"author":[{"embeddable":true,"href":"https:\/\/pp8.kluczbork.pl\/index.php?rest_route=\/wp\/v2\/users\/15"}],"replies":[{"embeddable":true,"href":"https:\/\/pp8.kluczbork.pl\/index.php?rest_route=%2Fwp%2Fv2%2Fcomments&post=4267"}],"version-history":[{"count":1,"href":"https:\/\/pp8.kluczbork.pl\/index.php?rest_route=\/wp\/v2\/posts\/4267\/revisions"}],"predecessor-version":[{"id":4271,"href":"https:\/\/pp8.kluczbork.pl\/index.php?rest_route=\/wp\/v2\/posts\/4267\/revisions\/4271"}],"wp:featuredmedia":[{"embeddable":true,"href":"https:\/\/pp8.kluczbork.pl\/index.php?rest_route=\/wp\/v2\/media\/4270"}],"wp:attachment":[{"href":"https:\/\/pp8.kluczbork.pl\/index.php?rest_route=%2Fwp%2Fv2%2Fmedia&parent=4267"}],"wp:term":[{"taxonomy":"category","embeddable":true,"href":"https:\/\/pp8.kluczbork.pl\/index.php?rest_route=%2Fwp%2Fv2%2Fcategories&post=4267"},{"taxonomy":"post_tag","embeddable":true,"href":"https:\/\/pp8.kluczbork.pl\/index.php?rest_route=%2Fwp%2Fv2%2Ftags&post=4267"}],"curies":[{"name":"wp","href":"https:\/\/api.w.org\/{rel}","templated":true}]}}