{"id":4255,"date":"2023-05-18T20:37:53","date_gmt":"2023-05-18T20:37:53","guid":{"rendered":"https:\/\/pp8.kluczbork.pl\/?p=4255"},"modified":"2023-05-18T20:41:03","modified_gmt":"2023-05-18T20:41:03","slug":"gminny-konkurs-przedszkolny-wiedzy-o-unii-europejskiej","status":"publish","type":"post","link":"https:\/\/pp8.kluczbork.pl\/?p=4255","title":{"rendered":"Gminny Konkurs Przedszkolny Wiedzy o Unii Europejskiej"},"content":{"rendered":"<p style=\"text-align: center;\"><span style=\"color: #0000ff; font-family: 'comic sans ms', sans-serif;\">9 maja obchodzimy Dzie\u0144 Unii Europejskiej. <\/span><span style=\"color: #0000ff; font-family: 'comic sans ms', sans-serif;\">Z tej okazji 18 maja odby\u0142 si\u0119 w naszym przedszkolu<\/span><br \/>\n<span style=\"color: #0000ff; font-family: 'comic sans ms', sans-serif;\">Gminny Konkurs Przedszkolny Wiedzy o Unii Europejskiej <\/span><span style=\"color: #0000ff; font-family: 'comic sans ms', sans-serif;\">pt. &#8222;Kluczborskie Podr\u00f3\u017ce po Europie&#8221;.<\/span><br \/>\n<span style=\"color: #0000ff; font-family: 'comic sans ms', sans-serif;\">Konkurs rozpocz\u0105\u0142 si\u0119 uroczystym wys\u0142uchaniem hymnu UE \u201eOda do rado\u015bci\u201d Ludwiga van Beethovena.<br \/>\nPo kr\u00f3tkim wst\u0119pie wyja\u015bniaj\u0105cym czym w og\u00f3le jest Unia Europejska, poznaniu maskotki i zapoznaniu si\u0119 z zasadami konkursu,<br \/>\nrozpocz\u0119li\u015bmy podr\u00f3\u017c po krajach Unii Europejskiej. Dru\u017cyny z poszczeg\u00f3lnych przedszkoli przedstawiali ciekawostki dotycz\u0105ce pa\u0144stw,<br \/>\nkt\u00f3re wylosowali na pocz\u0105tku konkursu, a nast\u0119pnie przyst\u0119powali do wykonywania zada\u0144.&nbsp; By\u0142y to mi\u0119dzy innymi: sk\u0142adanie obrazk\u00f3w z cz\u0119\u015bci przedstawiaj\u0105cych zabytki Kluczborka, nawlekanie makaronu na sznurek, pokaz mody, czy te\u017c zata\u0144czenie ta\u0144ca &#8222;Zorro&#8221;.<\/span><\/p>\n<p style=\"text-align: center;\"><span style=\"color: #0000ff; font-family: 'comic sans ms', sans-serif;\">Podczas naszej podr\u00f3\u017cy po Europie uczestnicy i go\u015bcie konkursu mogli obejrze\u0107 taniec &#8222;Zorba&#8221; wykonany przez grup\u0119 &#8222;Kr\u00f3liczki&#8221;<br \/>\noraz pos\u0142ucha\u0107 wiersza autorstwa pani Agnieszki Chrobot pt. &#8222;Moje miasto&#8221; recytowanego przez nasze przedszkolaki,<br \/>\na tak\u017ce hejna\u0142u Kluczborskiego pi\u0119knie wy\u015bpiewanego przez grup\u0119 &#8222;M\u0105dre Sowy&#8221;.<\/span><\/p>\n<p style=\"text-align: center;\"><span style=\"color: #0000ff; font-family: 'comic sans ms', sans-serif;\">Nad przebiegiem naszego konkursu czuwa\u0142o jury, kt\u00f3re przyznawa\u0142o gwiazdki &#8211; punkty za dobrze wykonane zadanie.<br \/>\nNa koniec naszej podr\u00f3\u017cy po Europie, wszyscy uczestnicy otrzymali dyplomy i upominki.&nbsp;<\/span><\/p>\n<p style=\"text-align: center;\"><span style=\"color: #0000ff; font-family: 'comic sans ms', sans-serif;\">W\u015br\u00f3d zaproszonych go\u015bci obecna by\u0142a pani dyrektor AO El\u017cbieta Pietrzykowska, kt\u00f3ra podzi\u0119kowa\u0142a za udzia\u0142 w tak udanej imprezie, pogratulowa\u0142a przedszkolakom du\u017cej wiedzy dotycz\u0105cej kraj\u00f3w Unii Europejskiej oraz przekaza\u0142a upominki dla przedszkoli bior\u0105cych udzia\u0142 w konkursie.<\/span><\/p>\n<p style=\"text-align: center;\"><span style=\"font-family: 'comic sans ms', sans-serif;\"><strong><span style=\"color: #f5d20a;\">Dzi\u0119kujemy go\u015bciom i wszystkim przedszkolakom za wspania\u0142\u0105 zabaw\u0119 <\/span><\/strong><\/span><br \/>\n<span style=\"font-family: 'comic sans ms', sans-serif;\"><strong><span style=\"color: #f5d20a;\">i zapraszamy do udzia\u0142u w przysz\u0142ym roku.&nbsp;<\/span><\/strong><\/span><\/p>\n<p style=\"text-align: center;\"><a href=\"https:\/\/flic.kr\/s\/aHBqjAEgqi\" target=\"_blank\" rel=\"noopener\"><span style=\"font-family: 'comic sans ms', sans-serif;\"><strong><span style=\"color: #ff0000;\">Link do zdj\u0119\u0107<\/span><\/strong><\/span><\/a><\/p>\n","protected":false},"excerpt":{"rendered":"<p>9 maja obchodzimy Dzie\u0144 Unii Europejskiej. Z tej okazji 18 maja odby\u0142 si\u0119 w naszym przedszkolu Gminny Konkurs Przedszkolny Wiedzy o Unii Europejskiej pt. &#8222;Kluczborskie Podr\u00f3\u017ce po Europie&#8221;. Konkurs rozpocz\u0105\u0142 si\u0119 uroczystym wys\u0142uchaniem hymnu UE \u201eOda do rado\u015bci\u201d Ludwiga van Beethovena. Po kr\u00f3tkim wst\u0119pie wyja\u015bniaj\u0105cym czym w og\u00f3le jest Unia [&hellip;]<\/p>\n","protected":false},"author":15,"featured_media":4256,"comment_status":"open","ping_status":"open","sticky":false,"template":"","format":"standard","meta":{"ngg_post_thumbnail":0,"footnotes":""},"categories":[279,275],"tags":[],"_links":{"self":[{"href":"https:\/\/pp8.kluczbork.pl\/index.php?rest_route=\/wp\/v2\/posts\/4255"}],"collection":[{"href":"https:\/\/pp8.kluczbork.pl\/index.php?rest_route=\/wp\/v2\/posts"}],"about":[{"href":"https:\/\/pp8.kluczbork.pl\/index.php?rest_route=\/wp\/v2\/types\/post"}],"author":[{"embeddable":true,"href":"https:\/\/pp8.kluczbork.pl\/index.php?rest_route=\/wp\/v2\/users\/15"}],"replies":[{"embeddable":true,"href":"https:\/\/pp8.kluczbork.pl\/index.php?rest_route=%2Fwp%2Fv2%2Fcomments&post=4255"}],"version-history":[{"count":3,"href":"https:\/\/pp8.kluczbork.pl\/index.php?rest_route=\/wp\/v2\/posts\/4255\/revisions"}],"predecessor-version":[{"id":4259,"href":"https:\/\/pp8.kluczbork.pl\/index.php?rest_route=\/wp\/v2\/posts\/4255\/revisions\/4259"}],"wp:featuredmedia":[{"embeddable":true,"href":"https:\/\/pp8.kluczbork.pl\/index.php?rest_route=\/wp\/v2\/media\/4256"}],"wp:attachment":[{"href":"https:\/\/pp8.kluczbork.pl\/index.php?rest_route=%2Fwp%2Fv2%2Fmedia&parent=4255"}],"wp:term":[{"taxonomy":"category","embeddable":true,"href":"https:\/\/pp8.kluczbork.pl\/index.php?rest_route=%2Fwp%2Fv2%2Fcategories&post=4255"},{"taxonomy":"post_tag","embeddable":true,"href":"https:\/\/pp8.kluczbork.pl\/index.php?rest_route=%2Fwp%2Fv2%2Ftags&post=4255"}],"curies":[{"name":"wp","href":"https:\/\/api.w.org\/{rel}","templated":true}]}}