{"id":4249,"date":"2023-05-14T19:55:04","date_gmt":"2023-05-14T19:55:04","guid":{"rendered":"https:\/\/pp8.kluczbork.pl\/?p=4249"},"modified":"2023-05-14T19:55:04","modified_gmt":"2023-05-14T19:55:04","slug":"swieto-konwalii","status":"publish","type":"post","link":"https:\/\/pp8.kluczbork.pl\/?p=4249","title":{"rendered":"\u015awi\u0119to Konwalii"},"content":{"rendered":"<p><span style=\"color: #008000;font-size: 14pt;font-family: arial black, sans-serif\">\u015awi\u0119ta Konwalii \u2013 Og\u00f3lnopolski Dnia Przedszkoli.<\/span><\/p>\n<p><span style=\"color: #003300\">Pomys\u0142 tego \u015bwi\u0119ta zrodzi\u0142 si\u0119 w kwietniu 2002 roku w sali kolumnowej Sejmu RP w Warszawie, gdzie odby\u0142a si\u0119 konferencja og\u00f3lnopolskiego programu, kt\u00f3rego celem jest podnoszenie jako\u015bci pracy przedszkoli. Ustalono tam, \u017ce dzie\u0144 12 Maja b\u0119dzie \u015bwi\u0119tem przedszkoli w ca\u0142ej Polsce pod nazw\u0105 \u201e\u015awi\u0119to Konwalii\u201d. <\/span><\/p>\n<p><span style=\"color: #003300\">Dlaczego akurat konwalie? Ten drobny, delikatny, bia\u0142y kwiatek jest symbolem prostoty i skromno\u015bci a\u00a0 w wychowaniu przedszkolnym oznacza ma\u0142e dziecko, kt\u00f3re powierzone naszej opiece i trosce rozwija si\u0119, staj\u0105c si\u0119 rado\u015bci\u0105 dla wszystkich.\u00a012 maja to jest\u00a0 \u015bwi\u0119to ta\u0144ca, zabawy i rado\u015bci dzieci, rodzic\u00f3w i wszystkich pracownik\u00f3w.<\/span><\/p>\n<p>Galeria zdj\u0119\u0107: <a href=\"https:\/\/www.flickr.com\/gp\/190489758@N05\/6A6SgKER40\">https:\/\/www.flickr.com\/gp\/190489758@N05\/6A6SgKER40<\/a><\/p>\n<p>&nbsp;<\/p>\n<p>&nbsp;<\/p>\n<p>&nbsp;<\/p>\n","protected":false},"excerpt":{"rendered":"<p>\u015awi\u0119ta Konwalii \u2013 Og\u00f3lnopolski Dnia Przedszkoli. Pomys\u0142 tego \u015bwi\u0119ta zrodzi\u0142 si\u0119 w kwietniu 2002 roku w sali kolumnowej Sejmu RP w Warszawie, gdzie odby\u0142a si\u0119 konferencja og\u00f3lnopolskiego programu, kt\u00f3rego celem jest podnoszenie jako\u015bci pracy przedszkoli. Ustalono tam, \u017ce dzie\u0144 12 Maja b\u0119dzie \u015bwi\u0119tem przedszkoli w ca\u0142ej Polsce pod nazw\u0105 \u201e\u015awi\u0119to [&hellip;]<\/p>\n","protected":false},"author":7,"featured_media":4236,"comment_status":"open","ping_status":"open","sticky":false,"template":"","format":"standard","meta":{"ngg_post_thumbnail":0,"footnotes":""},"categories":[26],"tags":[],"_links":{"self":[{"href":"https:\/\/pp8.kluczbork.pl\/index.php?rest_route=\/wp\/v2\/posts\/4249"}],"collection":[{"href":"https:\/\/pp8.kluczbork.pl\/index.php?rest_route=\/wp\/v2\/posts"}],"about":[{"href":"https:\/\/pp8.kluczbork.pl\/index.php?rest_route=\/wp\/v2\/types\/post"}],"author":[{"embeddable":true,"href":"https:\/\/pp8.kluczbork.pl\/index.php?rest_route=\/wp\/v2\/users\/7"}],"replies":[{"embeddable":true,"href":"https:\/\/pp8.kluczbork.pl\/index.php?rest_route=%2Fwp%2Fv2%2Fcomments&post=4249"}],"version-history":[{"count":1,"href":"https:\/\/pp8.kluczbork.pl\/index.php?rest_route=\/wp\/v2\/posts\/4249\/revisions"}],"predecessor-version":[{"id":4250,"href":"https:\/\/pp8.kluczbork.pl\/index.php?rest_route=\/wp\/v2\/posts\/4249\/revisions\/4250"}],"wp:featuredmedia":[{"embeddable":true,"href":"https:\/\/pp8.kluczbork.pl\/index.php?rest_route=\/wp\/v2\/media\/4236"}],"wp:attachment":[{"href":"https:\/\/pp8.kluczbork.pl\/index.php?rest_route=%2Fwp%2Fv2%2Fmedia&parent=4249"}],"wp:term":[{"taxonomy":"category","embeddable":true,"href":"https:\/\/pp8.kluczbork.pl\/index.php?rest_route=%2Fwp%2Fv2%2Fcategories&post=4249"},{"taxonomy":"post_tag","embeddable":true,"href":"https:\/\/pp8.kluczbork.pl\/index.php?rest_route=%2Fwp%2Fv2%2Ftags&post=4249"}],"curies":[{"name":"wp","href":"https:\/\/api.w.org\/{rel}","templated":true}]}}