{"id":4238,"date":"2023-05-14T16:54:42","date_gmt":"2023-05-14T16:54:42","guid":{"rendered":"https:\/\/pp8.kluczbork.pl\/?p=4238"},"modified":"2023-05-14T17:37:47","modified_gmt":"2023-05-14T17:37:47","slug":"12-maja-swieto-konwalii","status":"publish","type":"post","link":"https:\/\/pp8.kluczbork.pl\/?p=4238","title":{"rendered":"12 maja &#8211; \u201e\u015awi\u0119to Konwalii\u201d"},"content":{"rendered":"<p style=\"text-align: left\"><span style=\"font-size: 18pt;font-family: 'comic sans ms', sans-serif;color: #ff0000\"><em><strong>Wszystko co najwa\u017cniejsze w \u017cyciu cz\u0142owieka, zdarza si\u0119 w jego pierwszych sze\u015bciu latach\u201d<\/strong><\/em><\/span><\/p>\n<p style=\"text-align: left\"><span style=\"font-size: 18pt;font-family: 'comic sans ms', sans-serif;color: #ff0000\"><strong>G. Vico<\/strong><\/span><\/p>\n<p><img loading=\"lazy\" decoding=\"async\" class=\"aligncenter wp-image-4236 size-medium\" src=\"https:\/\/pp8.kluczbork.pl\/wp-content\/uploads\/2023\/05\/pol_pl_Konwalia-majowa-Convallaria-majalis-286_1-1-224x300.webp\" alt=\"\" width=\"224\" height=\"300\" srcset=\"https:\/\/pp8.kluczbork.pl\/wp-content\/uploads\/2023\/05\/pol_pl_Konwalia-majowa-Convallaria-majalis-286_1-1-224x300.webp 224w, https:\/\/pp8.kluczbork.pl\/wp-content\/uploads\/2023\/05\/pol_pl_Konwalia-majowa-Convallaria-majalis-286_1-1.webp 748w\" sizes=\"(max-width: 224px) 100vw, 224px\" \/><\/p>\n<p><span style=\"font-family: 'comic sans ms', sans-serif;font-size: 14pt;color: #000080\">Dzie\u0144 <strong>12 maja, \u201e\u015awi\u0119to Konwalii\u201d<\/strong>, to dzie\u0144 wychowania przedszkolnego- \u015bwi\u0119to wszystkich przedszkoli w ca\u0142ej Polsce. Konwalia- ten drobny, delikatny, bia\u0142y kwiatek jest symbolem prostoty i skromno\u015bci a w wychowaniu przedszkolnym oznacza ma\u0142e dziecko, kt\u00f3re powierzone naszej opiece i trosce rozwija si\u0119, staj\u0105c si\u0119 rado\u015bci\u0105 dla wszystkich.<\/span><\/p>\n<p><img loading=\"lazy\" decoding=\"async\" class=\"aligncenter wp-image-4237 size-large\" src=\"https:\/\/pp8.kluczbork.pl\/wp-content\/uploads\/2023\/05\/IMG_0336-1024x768.jpeg\" alt=\"\" width=\"1024\" height=\"768\" srcset=\"https:\/\/pp8.kluczbork.pl\/wp-content\/uploads\/2023\/05\/IMG_0336-1024x768.jpeg 1024w, https:\/\/pp8.kluczbork.pl\/wp-content\/uploads\/2023\/05\/IMG_0336-300x225.jpeg 300w, https:\/\/pp8.kluczbork.pl\/wp-content\/uploads\/2023\/05\/IMG_0336-768x576.jpeg 768w, https:\/\/pp8.kluczbork.pl\/wp-content\/uploads\/2023\/05\/IMG_0336-1536x1152.jpeg 1536w, https:\/\/pp8.kluczbork.pl\/wp-content\/uploads\/2023\/05\/IMG_0336.jpeg 2048w\" sizes=\"(max-width: 1024px) 100vw, 1024px\" \/><\/p>\n<p><span style=\"font-family: 'comic sans ms', sans-serif;font-size: 14pt;color: #993300\">Ten uroczysty dzie\u0144, w grupie Kubusie wype\u0142niony by\u0142 wieloma atrakcjami i niespodziankami- odby\u0142o si\u0119 wiele zabaw, a na zako\u0144czenie dzieci obejrza\u0142y teatrzyk pt. &#8222;<strong>\u201dNiezwyk\u0142y kwiat\u201d<\/strong>&#8222;, kt\u00f3ry bardzo spodoba\u0142 si\u0119 przedszkolakom.<\/span><\/p>\n<p><span style=\"font-family: 'comic sans ms', sans-serif;font-size: 14pt;color: #800080\">Cudowna atmosfera panuj\u0105ca w tym dniu na d\u0142ugo pozostanie w pami\u0119ci naszej i dzieci.<\/span><\/p>\n<p>&nbsp;<\/p>\n<p><strong><span style=\"color: #ff0000\"><a style=\"color: #ff0000\" href=\"https:\/\/flic.kr\/s\/aHBqjADFCM\">Zapraszamy do galerii<\/a><\/span><\/strong><\/p>\n<p>&nbsp;<\/p>\n","protected":false},"excerpt":{"rendered":"<p>Wszystko co najwa\u017cniejsze w \u017cyciu cz\u0142owieka, zdarza si\u0119 w jego pierwszych sze\u015bciu latach\u201d G. Vico Dzie\u0144 12 maja, \u201e\u015awi\u0119to Konwalii\u201d, to dzie\u0144 wychowania przedszkolnego- \u015bwi\u0119to wszystkich przedszkoli w ca\u0142ej Polsce. Konwalia- ten drobny, delikatny, bia\u0142y kwiatek jest symbolem prostoty i skromno\u015bci a w wychowaniu przedszkolnym oznacza ma\u0142e dziecko, kt\u00f3re powierzone [&hellip;]<\/p>\n","protected":false},"author":11,"featured_media":4245,"comment_status":"open","ping_status":"open","sticky":false,"template":"","format":"standard","meta":{"ngg_post_thumbnail":0,"footnotes":""},"categories":[28],"tags":[],"_links":{"self":[{"href":"https:\/\/pp8.kluczbork.pl\/index.php?rest_route=\/wp\/v2\/posts\/4238"}],"collection":[{"href":"https:\/\/pp8.kluczbork.pl\/index.php?rest_route=\/wp\/v2\/posts"}],"about":[{"href":"https:\/\/pp8.kluczbork.pl\/index.php?rest_route=\/wp\/v2\/types\/post"}],"author":[{"embeddable":true,"href":"https:\/\/pp8.kluczbork.pl\/index.php?rest_route=\/wp\/v2\/users\/11"}],"replies":[{"embeddable":true,"href":"https:\/\/pp8.kluczbork.pl\/index.php?rest_route=%2Fwp%2Fv2%2Fcomments&post=4238"}],"version-history":[{"count":5,"href":"https:\/\/pp8.kluczbork.pl\/index.php?rest_route=\/wp\/v2\/posts\/4238\/revisions"}],"predecessor-version":[{"id":4243,"href":"https:\/\/pp8.kluczbork.pl\/index.php?rest_route=\/wp\/v2\/posts\/4238\/revisions\/4243"}],"wp:featuredmedia":[{"embeddable":true,"href":"https:\/\/pp8.kluczbork.pl\/index.php?rest_route=\/wp\/v2\/media\/4245"}],"wp:attachment":[{"href":"https:\/\/pp8.kluczbork.pl\/index.php?rest_route=%2Fwp%2Fv2%2Fmedia&parent=4238"}],"wp:term":[{"taxonomy":"category","embeddable":true,"href":"https:\/\/pp8.kluczbork.pl\/index.php?rest_route=%2Fwp%2Fv2%2Fcategories&post=4238"},{"taxonomy":"post_tag","embeddable":true,"href":"https:\/\/pp8.kluczbork.pl\/index.php?rest_route=%2Fwp%2Fv2%2Ftags&post=4238"}],"curies":[{"name":"wp","href":"https:\/\/api.w.org\/{rel}","templated":true}]}}