{"id":4227,"date":"2023-05-13T09:43:55","date_gmt":"2023-05-13T09:43:55","guid":{"rendered":"https:\/\/pp8.kluczbork.pl\/?p=4227"},"modified":"2023-05-13T09:43:55","modified_gmt":"2023-05-13T09:43:55","slug":"konkurs-recytatorski-poeci-dla-dzieci","status":"publish","type":"post","link":"https:\/\/pp8.kluczbork.pl\/?p=4227","title":{"rendered":"Konkurs recytatorski &#8222;Poeci dla dzieci&#8221;."},"content":{"rendered":"<p><span style=\"color: #0000ff\"><strong><span style=\"font-family: 'comic sans ms', sans-serif\">10.05.2023r wzi\u0119li\u015bmy udzia\u0142 w konkursie recytatorskim pt: &#8222;Poeci dla dzieci&#8221; w SP w Kuniowie.<\/span><\/strong><\/span><br \/>\n<span style=\"color: #0000ff\"><strong><span style=\"font-family: 'comic sans ms', sans-serif\">Reprezentowa\u0142a nas Victoria R. kt\u00f3ra zaprezentowa\u0142a bardzo pi\u0119kny wiersz pani Agnieszki Chrobot<\/span><\/strong><\/span><br \/>\n<span style=\"color: #0000ff\"><strong><span style=\"font-family: 'comic sans ms', sans-serif\">pt:&#8221;Moje miasto&#8221;.<\/span><\/strong><\/span><br \/>\n<span style=\"color: #0000ff\"><strong><span style=\"font-family: 'comic sans ms', sans-serif\">Celem konkursu by\u0142o wzbudzanie zainteresowania poezj\u0105 dzieci\u0119c\u0105, rozwijanie i promowanie uzdolnie\u0144 recytatorskich dzieci,<\/span><\/strong><\/span><br \/>\n<span style=\"color: #0000ff\"><strong><span style=\"font-family: 'comic sans ms', sans-serif\">kszta\u0142towanie wra\u017cliwo\u015bci na pi\u0119kno j\u0119zyka ojczystego, oraz dostarczenie przedszkolakom dozna\u0144 estetycznych i emocjonalnych <\/span><\/strong><\/span><br \/>\n<span style=\"color: #0000ff\"><strong><span style=\"font-family: 'comic sans ms', sans-serif\">wyp\u0142ywaj\u0105cych z pi\u0119kna utwor\u00f3w literackich<\/span><\/strong><\/span><br \/>\n<a href=\"https:\/\/flic.kr\/s\/aHBqjADx3s\"><span style=\"color: #ff6600\"><strong><span style=\"font-family: 'comic sans ms', sans-serif\">Galeria<\/span><\/strong><\/span><span style=\"color: #ff6600\"><strong><span style=\"font-family: 'comic sans ms', sans-serif\">.<\/span><\/strong><\/span><\/a><\/p>\n","protected":false},"excerpt":{"rendered":"<p>10.05.2023r wzi\u0119li\u015bmy udzia\u0142 w konkursie recytatorskim pt: &#8222;Poeci dla dzieci&#8221; w SP w Kuniowie. Reprezentowa\u0142a nas Victoria R. kt\u00f3ra zaprezentowa\u0142a bardzo pi\u0119kny wiersz pani Agnieszki Chrobot pt:&#8221;Moje miasto&#8221;. Celem konkursu by\u0142o wzbudzanie zainteresowania poezj\u0105 dzieci\u0119c\u0105, rozwijanie i promowanie uzdolnie\u0144 recytatorskich dzieci, kszta\u0142towanie wra\u017cliwo\u015bci na pi\u0119kno j\u0119zyka ojczystego, oraz dostarczenie przedszkolakom [&hellip;]<\/p>\n","protected":false},"author":3,"featured_media":4228,"comment_status":"open","ping_status":"open","sticky":false,"template":"","format":"standard","meta":{"ngg_post_thumbnail":0,"footnotes":""},"categories":[30],"tags":[],"_links":{"self":[{"href":"https:\/\/pp8.kluczbork.pl\/index.php?rest_route=\/wp\/v2\/posts\/4227"}],"collection":[{"href":"https:\/\/pp8.kluczbork.pl\/index.php?rest_route=\/wp\/v2\/posts"}],"about":[{"href":"https:\/\/pp8.kluczbork.pl\/index.php?rest_route=\/wp\/v2\/types\/post"}],"author":[{"embeddable":true,"href":"https:\/\/pp8.kluczbork.pl\/index.php?rest_route=\/wp\/v2\/users\/3"}],"replies":[{"embeddable":true,"href":"https:\/\/pp8.kluczbork.pl\/index.php?rest_route=%2Fwp%2Fv2%2Fcomments&post=4227"}],"version-history":[{"count":1,"href":"https:\/\/pp8.kluczbork.pl\/index.php?rest_route=\/wp\/v2\/posts\/4227\/revisions"}],"predecessor-version":[{"id":4229,"href":"https:\/\/pp8.kluczbork.pl\/index.php?rest_route=\/wp\/v2\/posts\/4227\/revisions\/4229"}],"wp:featuredmedia":[{"embeddable":true,"href":"https:\/\/pp8.kluczbork.pl\/index.php?rest_route=\/wp\/v2\/media\/4228"}],"wp:attachment":[{"href":"https:\/\/pp8.kluczbork.pl\/index.php?rest_route=%2Fwp%2Fv2%2Fmedia&parent=4227"}],"wp:term":[{"taxonomy":"category","embeddable":true,"href":"https:\/\/pp8.kluczbork.pl\/index.php?rest_route=%2Fwp%2Fv2%2Fcategories&post=4227"},{"taxonomy":"post_tag","embeddable":true,"href":"https:\/\/pp8.kluczbork.pl\/index.php?rest_route=%2Fwp%2Fv2%2Ftags&post=4227"}],"curies":[{"name":"wp","href":"https:\/\/api.w.org\/{rel}","templated":true}]}}