{"id":4224,"date":"2023-05-13T09:28:51","date_gmt":"2023-05-13T09:28:51","guid":{"rendered":"https:\/\/pp8.kluczbork.pl\/?p=4224"},"modified":"2023-05-13T09:45:49","modified_gmt":"2023-05-13T09:45:49","slug":"dzien-konwalii-4","status":"publish","type":"post","link":"https:\/\/pp8.kluczbork.pl\/?p=4224","title":{"rendered":"Dzie\u0144 konwalii."},"content":{"rendered":"<p><strong><span style=\"font-family: 'comic sans ms', sans-serif\">12 Maja obchodzili\u015bmy w naszym przedszkolu \u201eDzie\u0144 Konwalii\u201d.<\/span><\/strong><br \/>\n<strong><span style=\"font-family: 'comic sans ms', sans-serif\">Dzie\u0144 ten jest \u015bwi\u0119tem przedszkoli w ca\u0142ej Polsce.<\/span><\/strong><br \/>\n<strong><span style=\"font-family: 'comic sans ms', sans-serif\">Dlaczego akurat konwalie?<\/span><\/strong><br \/>\n<strong><span style=\"font-family: 'comic sans ms', sans-serif\">Ten drobny, delikatny, bia\u0142y kwiatek jest symbolem prostoty i skromno\u015bci a <\/span><\/strong><br \/>\n<strong><span style=\"font-family: 'comic sans ms', sans-serif\">w wychowaniu przedszkolnym oznacza ma\u0142e dziecko, kt\u00f3re powierzone naszej<\/span><\/strong><br \/>\n<strong><span style=\"font-family: 'comic sans ms', sans-serif\">opiece i trosce rozwija si\u0119, staj\u0105c si\u0119 rado\u015bci\u0105 dla wszystkich. <\/span><\/strong><br \/>\n<strong><span style=\"font-family: 'comic sans ms', sans-serif\">W tym szczeg\u00f3lnym dniu dzieci z ka\u017cdej grupy przynosz\u0105 do przedszkola kwiaty konwalii, <\/span><\/strong><br \/>\n<strong><span style=\"font-family: 'comic sans ms', sans-serif\">a pracownicy przedszkola zaprezentowali si\u0119 w przedstawieniu pt:&#8221;Niezwyk\u0142y kwiat&#8221;.<\/span><\/strong><\/p>\n<p><a href=\"https:\/\/flic.kr\/s\/aHBqjADwHi\"><span style=\"color: #ff6600\"><strong>Zapraszamy do galerii:<\/strong><\/span><\/a><\/p>\n","protected":false},"excerpt":{"rendered":"<p>12 Maja obchodzili\u015bmy w naszym przedszkolu \u201eDzie\u0144 Konwalii\u201d. Dzie\u0144 ten jest \u015bwi\u0119tem przedszkoli w ca\u0142ej Polsce. Dlaczego akurat konwalie? Ten drobny, delikatny, bia\u0142y kwiatek jest symbolem prostoty i skromno\u015bci a w wychowaniu przedszkolnym oznacza ma\u0142e dziecko, kt\u00f3re powierzone naszej opiece i trosce rozwija si\u0119, staj\u0105c si\u0119 rado\u015bci\u0105 dla wszystkich. W [&hellip;]<\/p>\n","protected":false},"author":3,"featured_media":4225,"comment_status":"open","ping_status":"open","sticky":false,"template":"","format":"standard","meta":{"ngg_post_thumbnail":0,"footnotes":""},"categories":[30],"tags":[],"_links":{"self":[{"href":"https:\/\/pp8.kluczbork.pl\/index.php?rest_route=\/wp\/v2\/posts\/4224"}],"collection":[{"href":"https:\/\/pp8.kluczbork.pl\/index.php?rest_route=\/wp\/v2\/posts"}],"about":[{"href":"https:\/\/pp8.kluczbork.pl\/index.php?rest_route=\/wp\/v2\/types\/post"}],"author":[{"embeddable":true,"href":"https:\/\/pp8.kluczbork.pl\/index.php?rest_route=\/wp\/v2\/users\/3"}],"replies":[{"embeddable":true,"href":"https:\/\/pp8.kluczbork.pl\/index.php?rest_route=%2Fwp%2Fv2%2Fcomments&post=4224"}],"version-history":[{"count":1,"href":"https:\/\/pp8.kluczbork.pl\/index.php?rest_route=\/wp\/v2\/posts\/4224\/revisions"}],"predecessor-version":[{"id":4226,"href":"https:\/\/pp8.kluczbork.pl\/index.php?rest_route=\/wp\/v2\/posts\/4224\/revisions\/4226"}],"wp:featuredmedia":[{"embeddable":true,"href":"https:\/\/pp8.kluczbork.pl\/index.php?rest_route=\/wp\/v2\/media\/4225"}],"wp:attachment":[{"href":"https:\/\/pp8.kluczbork.pl\/index.php?rest_route=%2Fwp%2Fv2%2Fmedia&parent=4224"}],"wp:term":[{"taxonomy":"category","embeddable":true,"href":"https:\/\/pp8.kluczbork.pl\/index.php?rest_route=%2Fwp%2Fv2%2Fcategories&post=4224"},{"taxonomy":"post_tag","embeddable":true,"href":"https:\/\/pp8.kluczbork.pl\/index.php?rest_route=%2Fwp%2Fv2%2Ftags&post=4224"}],"curies":[{"name":"wp","href":"https:\/\/api.w.org\/{rel}","templated":true}]}}