{"id":4220,"date":"2023-05-12T16:44:28","date_gmt":"2023-05-12T16:44:28","guid":{"rendered":"https:\/\/pp8.kluczbork.pl\/?p=4220"},"modified":"2023-05-12T16:44:28","modified_gmt":"2023-05-12T16:44:28","slug":"dzien-konwalii-3","status":"publish","type":"post","link":"https:\/\/pp8.kluczbork.pl\/?p=4220","title":{"rendered":"Dzie\u0144 Konwalii"},"content":{"rendered":"<p style=\"text-align: center\"><span style=\"color: #008000\">W pi\u0105tek 12 maja obchodzili\u015bmy w naszym przedszkolu &#8222;Dzie\u0144 konwalii&#8221;.<\/span><\/p>\n<p style=\"text-align: center\"><span style=\"color: #008000\">Dlaczego konwalii? Ot\u00f3\u017c ten drobny, delikatny bia\u0142y kwiatek jest symbolem prostoty i skromno\u015bci a w wychowaniu przedszkolnym oznacza ma\u0142e dziecko, kt\u00f3re powierzone profesjonalnej opiece i trosce rozwija si\u0119, staj\u0105c si\u0119 rado\u015bci\u0105 dla bliskich i wychowawc\u00f3w.<\/span><\/p>\n<p>&nbsp;<\/p>\n<p><a href=\"https:\/\/flic.kr\/s\/aHBqjADw5N\">Galeria zdj\u0119\u0107<\/a><\/p>\n","protected":false},"excerpt":{"rendered":"<p>W pi\u0105tek 12 maja obchodzili\u015bmy w naszym przedszkolu &#8222;Dzie\u0144 konwalii&#8221;. Dlaczego konwalii? Ot\u00f3\u017c ten drobny, delikatny bia\u0142y kwiatek jest symbolem prostoty i skromno\u015bci a w wychowaniu przedszkolnym oznacza ma\u0142e dziecko, kt\u00f3re powierzone profesjonalnej opiece i trosce rozwija si\u0119, staj\u0105c si\u0119 rado\u015bci\u0105 dla bliskich i wychowawc\u00f3w. &nbsp; Galeria zdj\u0119\u0107<\/p>\n","protected":false},"author":4,"featured_media":4221,"comment_status":"open","ping_status":"open","sticky":false,"template":"","format":"standard","meta":{"ngg_post_thumbnail":0,"footnotes":""},"categories":[31],"tags":[],"_links":{"self":[{"href":"https:\/\/pp8.kluczbork.pl\/index.php?rest_route=\/wp\/v2\/posts\/4220"}],"collection":[{"href":"https:\/\/pp8.kluczbork.pl\/index.php?rest_route=\/wp\/v2\/posts"}],"about":[{"href":"https:\/\/pp8.kluczbork.pl\/index.php?rest_route=\/wp\/v2\/types\/post"}],"author":[{"embeddable":true,"href":"https:\/\/pp8.kluczbork.pl\/index.php?rest_route=\/wp\/v2\/users\/4"}],"replies":[{"embeddable":true,"href":"https:\/\/pp8.kluczbork.pl\/index.php?rest_route=%2Fwp%2Fv2%2Fcomments&post=4220"}],"version-history":[{"count":1,"href":"https:\/\/pp8.kluczbork.pl\/index.php?rest_route=\/wp\/v2\/posts\/4220\/revisions"}],"predecessor-version":[{"id":4222,"href":"https:\/\/pp8.kluczbork.pl\/index.php?rest_route=\/wp\/v2\/posts\/4220\/revisions\/4222"}],"wp:featuredmedia":[{"embeddable":true,"href":"https:\/\/pp8.kluczbork.pl\/index.php?rest_route=\/wp\/v2\/media\/4221"}],"wp:attachment":[{"href":"https:\/\/pp8.kluczbork.pl\/index.php?rest_route=%2Fwp%2Fv2%2Fmedia&parent=4220"}],"wp:term":[{"taxonomy":"category","embeddable":true,"href":"https:\/\/pp8.kluczbork.pl\/index.php?rest_route=%2Fwp%2Fv2%2Fcategories&post=4220"},{"taxonomy":"post_tag","embeddable":true,"href":"https:\/\/pp8.kluczbork.pl\/index.php?rest_route=%2Fwp%2Fv2%2Ftags&post=4220"}],"curies":[{"name":"wp","href":"https:\/\/api.w.org\/{rel}","templated":true}]}}