{"id":4211,"date":"2023-05-05T16:09:00","date_gmt":"2023-05-05T16:09:00","guid":{"rendered":"https:\/\/pp8.kluczbork.pl\/?p=4211"},"modified":"2023-05-05T16:09:00","modified_gmt":"2023-05-05T16:09:00","slug":"gminny-konkurs-piosenki-patriotycznej","status":"publish","type":"post","link":"https:\/\/pp8.kluczbork.pl\/?p=4211","title":{"rendered":"Gminny Konkurs Piosenki Patriotycznej"},"content":{"rendered":"<p style=\"text-align: center\">27 kwietnia nasze przedszkolaki bra\u0142y udzia\u0142 w\u00a0 V edycji Gminnego Konkursu Piosenki Patriotycznej<\/p>\n<p style=\"text-align: center\">jako grupa &#8222;Weso\u0142e Nutki&#8221;\u00a0 zdobywaj\u0105c III miejsce.<\/p>\n<p>&nbsp;<\/p>\n<p>Gratulujemy !!!<\/p>\n<p>&nbsp;<\/p>\n<p><a href=\"https:\/\/flic.kr\/s\/aHBqjACzPi\">Galeria zdj\u0119\u0107<\/a><\/p>\n<p>&nbsp;<\/p>\n<p>&nbsp;<\/p>\n","protected":false},"excerpt":{"rendered":"<p>27 kwietnia nasze przedszkolaki bra\u0142y udzia\u0142 w\u00a0 V edycji Gminnego Konkursu Piosenki Patriotycznej jako grupa &#8222;Weso\u0142e Nutki&#8221;\u00a0 zdobywaj\u0105c III miejsce. &nbsp; Gratulujemy !!! &nbsp; Galeria zdj\u0119\u0107 &nbsp; &nbsp;<\/p>\n","protected":false},"author":4,"featured_media":4212,"comment_status":"open","ping_status":"open","sticky":false,"template":"","format":"standard","meta":{"ngg_post_thumbnail":0,"footnotes":""},"categories":[31],"tags":[],"_links":{"self":[{"href":"https:\/\/pp8.kluczbork.pl\/index.php?rest_route=\/wp\/v2\/posts\/4211"}],"collection":[{"href":"https:\/\/pp8.kluczbork.pl\/index.php?rest_route=\/wp\/v2\/posts"}],"about":[{"href":"https:\/\/pp8.kluczbork.pl\/index.php?rest_route=\/wp\/v2\/types\/post"}],"author":[{"embeddable":true,"href":"https:\/\/pp8.kluczbork.pl\/index.php?rest_route=\/wp\/v2\/users\/4"}],"replies":[{"embeddable":true,"href":"https:\/\/pp8.kluczbork.pl\/index.php?rest_route=%2Fwp%2Fv2%2Fcomments&post=4211"}],"version-history":[{"count":1,"href":"https:\/\/pp8.kluczbork.pl\/index.php?rest_route=\/wp\/v2\/posts\/4211\/revisions"}],"predecessor-version":[{"id":4213,"href":"https:\/\/pp8.kluczbork.pl\/index.php?rest_route=\/wp\/v2\/posts\/4211\/revisions\/4213"}],"wp:featuredmedia":[{"embeddable":true,"href":"https:\/\/pp8.kluczbork.pl\/index.php?rest_route=\/wp\/v2\/media\/4212"}],"wp:attachment":[{"href":"https:\/\/pp8.kluczbork.pl\/index.php?rest_route=%2Fwp%2Fv2%2Fmedia&parent=4211"}],"wp:term":[{"taxonomy":"category","embeddable":true,"href":"https:\/\/pp8.kluczbork.pl\/index.php?rest_route=%2Fwp%2Fv2%2Fcategories&post=4211"},{"taxonomy":"post_tag","embeddable":true,"href":"https:\/\/pp8.kluczbork.pl\/index.php?rest_route=%2Fwp%2Fv2%2Ftags&post=4211"}],"curies":[{"name":"wp","href":"https:\/\/api.w.org\/{rel}","templated":true}]}}