{"id":4205,"date":"2023-05-05T11:31:16","date_gmt":"2023-05-05T11:31:16","guid":{"rendered":"https:\/\/pp8.kluczbork.pl\/?p=4205"},"modified":"2023-05-05T11:31:16","modified_gmt":"2023-05-05T11:31:16","slug":"muzeum-2","status":"publish","type":"post","link":"https:\/\/pp8.kluczbork.pl\/?p=4205","title":{"rendered":"Muzeum."},"content":{"rendered":"<p><span style=\"color: #993300\"><strong><span style=\"font-family: 'comic sans ms', sans-serif\">27.04.2023r Nasza grupa wybra\u0142a si\u0119 na wycieczk\u0119 do Muzeum im. Jana Dzier\u017cona w Kluczborku. <\/span><\/strong><\/span><br \/>\n<span style=\"color: #993300\"><strong><span style=\"font-family: 'comic sans ms', sans-serif\">Mieli\u015bmy okazj\u0119 zobaczy\u0107 wystaw\u0119, po\u015bwi\u0119con\u0105 770-leciu Kluczborka.<\/span><\/strong><\/span><br \/>\n<span style=\"color: #993300\"><strong><span style=\"font-family: 'comic sans ms', sans-serif\">Przedszkolaki odby\u0142y sentymentaln\u0105 podr\u00f3\u017c do lat za\u0142o\u017cenia miasta,<\/span><\/strong><\/span><br \/>\n<span style=\"color: #993300\"><strong><span style=\"font-family: 'comic sans ms', sans-serif\">zobaczy\u0142y wiele zabytkowych pism, map i ksi\u0105g a tak\u017ce zdj\u0119\u0107 przedstawiaj\u0105cych Kluczbork<\/span><\/strong><\/span><br \/>\n<span style=\"color: #993300\"><strong><span style=\"font-family: 'comic sans ms', sans-serif\">z dawnych lat. <\/span><\/strong><\/span><\/p>\n<p><a href=\"https:\/\/flic.kr\/s\/aHBqjACz5m\"><span style=\"color: #ff6600\">Galeria zdj\u0119\u0107.<\/span><\/a><\/p>\n","protected":false},"excerpt":{"rendered":"<p>27.04.2023r Nasza grupa wybra\u0142a si\u0119 na wycieczk\u0119 do Muzeum im. Jana Dzier\u017cona w Kluczborku. Mieli\u015bmy okazj\u0119 zobaczy\u0107 wystaw\u0119, po\u015bwi\u0119con\u0105 770-leciu Kluczborka. Przedszkolaki odby\u0142y sentymentaln\u0105 podr\u00f3\u017c do lat za\u0142o\u017cenia miasta, zobaczy\u0142y wiele zabytkowych pism, map i ksi\u0105g a tak\u017ce zdj\u0119\u0107 przedstawiaj\u0105cych Kluczbork z dawnych lat. Galeria zdj\u0119\u0107.<\/p>\n","protected":false},"author":3,"featured_media":4206,"comment_status":"open","ping_status":"open","sticky":false,"template":"","format":"standard","meta":{"ngg_post_thumbnail":0,"footnotes":""},"categories":[30],"tags":[],"_links":{"self":[{"href":"https:\/\/pp8.kluczbork.pl\/index.php?rest_route=\/wp\/v2\/posts\/4205"}],"collection":[{"href":"https:\/\/pp8.kluczbork.pl\/index.php?rest_route=\/wp\/v2\/posts"}],"about":[{"href":"https:\/\/pp8.kluczbork.pl\/index.php?rest_route=\/wp\/v2\/types\/post"}],"author":[{"embeddable":true,"href":"https:\/\/pp8.kluczbork.pl\/index.php?rest_route=\/wp\/v2\/users\/3"}],"replies":[{"embeddable":true,"href":"https:\/\/pp8.kluczbork.pl\/index.php?rest_route=%2Fwp%2Fv2%2Fcomments&post=4205"}],"version-history":[{"count":1,"href":"https:\/\/pp8.kluczbork.pl\/index.php?rest_route=\/wp\/v2\/posts\/4205\/revisions"}],"predecessor-version":[{"id":4207,"href":"https:\/\/pp8.kluczbork.pl\/index.php?rest_route=\/wp\/v2\/posts\/4205\/revisions\/4207"}],"wp:featuredmedia":[{"embeddable":true,"href":"https:\/\/pp8.kluczbork.pl\/index.php?rest_route=\/wp\/v2\/media\/4206"}],"wp:attachment":[{"href":"https:\/\/pp8.kluczbork.pl\/index.php?rest_route=%2Fwp%2Fv2%2Fmedia&parent=4205"}],"wp:term":[{"taxonomy":"category","embeddable":true,"href":"https:\/\/pp8.kluczbork.pl\/index.php?rest_route=%2Fwp%2Fv2%2Fcategories&post=4205"},{"taxonomy":"post_tag","embeddable":true,"href":"https:\/\/pp8.kluczbork.pl\/index.php?rest_route=%2Fwp%2Fv2%2Ftags&post=4205"}],"curies":[{"name":"wp","href":"https:\/\/api.w.org\/{rel}","templated":true}]}}