{"id":4203,"date":"2023-05-05T11:18:27","date_gmt":"2023-05-05T11:18:27","guid":{"rendered":"https:\/\/pp8.kluczbork.pl\/?p=4203"},"modified":"2023-05-05T11:18:27","modified_gmt":"2023-05-05T11:18:27","slug":"biblioteka","status":"publish","type":"post","link":"https:\/\/pp8.kluczbork.pl\/?p=4203","title":{"rendered":"Biblioteka."},"content":{"rendered":"<p><span style=\"font-family: 'comic sans ms', sans-serif\"><strong>Nasza grupa odwiedzi\u0142a Bibliotek\u0119 Publiczn\u0105 w Kluczborku. Dzieci dowiedzia\u0142y si\u0119, co nale\u017cy zrobi\u0107,<\/strong><\/span><br \/>\n<span style=\"font-family: 'comic sans ms', sans-serif\"><strong>aby sta\u0107 si\u0119 czytelnikiem biblioteki oraz jak nale\u017cy si\u0119 w niej zachowa\u0107. <\/strong><\/span><br \/>\n<span style=\"font-family: 'comic sans ms', sans-serif\"><strong>Zobaczy\u0142y tak\u017ce jak wygl\u0105da karta czytelnika oraz pozna\u0142y zasady wypo\u017cyczania ksi\u0105\u017cek. <\/strong><\/span><br \/>\n<span style=\"font-family: 'comic sans ms', sans-serif\"><strong>W trakcie pobytu w bibliotece, dzieci rozwi\u0105zywa\u0142y zagadki zwi\u0105zane z postaciami z bajek i ba\u015bni. <\/strong><\/span><br \/>\n<span style=\"font-family: 'comic sans ms', sans-serif\"><strong>Przedszkolaki znakomicie sobie poradzi\u0142y. Pani bibliotekarka pokaza\u0142a tak\u017ce dzieciom, <\/strong><\/span><br \/>\n<span style=\"font-family: 'comic sans ms', sans-serif\"><strong>gdzie znajduje si\u0119 przeznaczony specjalnie dla nich rega\u0142 z ksi\u0105\u017ckami. <\/strong><\/span><br \/>\n<span style=\"font-family: 'comic sans ms', sans-serif\"><strong>Nast\u0119pnie zaprezentowa\u0142a i da\u0142a do obejrzenia dzieciom najmniejsze ksi\u0105\u017ceczki z dzia\u0142u dzieci\u0119cego. <\/strong><\/span><br \/>\n<span style=\"font-family: 'comic sans ms', sans-serif\"><strong>Przedszkolakom bardzo spodoba\u0142y si\u0119 kolorowe i bogato ilustrowane ksi\u0105\u017ceczki, kt\u00f3re z ch\u0119ci\u0105 ogl\u0105da\u0142y. <\/strong><\/span><br \/>\n<span style=\"font-family: 'comic sans ms', sans-serif\"><strong>Spotkanie odbywa\u0142o si\u0119 w mi\u0142ej, pe\u0142nej u\u015bmiech\u00f3w i wra\u017ce\u0144 atmosferze. <\/strong><\/span><br \/>\n<span style=\"font-family: 'comic sans ms', sans-serif\"><strong>Dla wielu przedszkolak\u00f3w, by\u0142a to pierwsza wizyta w \u201edomu ksi\u0105\u017cek\u201d, ale na pewno nie ostatnia.<\/strong><\/span><\/p>\n<p><a href=\"https:\/\/flic.kr\/s\/aHBqjACuTV\"><strong><span style=\"color: #ff6600\">Galeria zdj\u0119\u0107.<\/span><\/strong><\/a><\/p>\n","protected":false},"excerpt":{"rendered":"<p>Nasza grupa odwiedzi\u0142a Bibliotek\u0119 Publiczn\u0105 w Kluczborku. Dzieci dowiedzia\u0142y si\u0119, co nale\u017cy zrobi\u0107, aby sta\u0107 si\u0119 czytelnikiem biblioteki oraz jak nale\u017cy si\u0119 w niej zachowa\u0107. Zobaczy\u0142y tak\u017ce jak wygl\u0105da karta czytelnika oraz pozna\u0142y zasady wypo\u017cyczania ksi\u0105\u017cek. W trakcie pobytu w bibliotece, dzieci rozwi\u0105zywa\u0142y zagadki zwi\u0105zane z postaciami z bajek i [&hellip;]<\/p>\n","protected":false},"author":3,"featured_media":4193,"comment_status":"open","ping_status":"open","sticky":false,"template":"","format":"standard","meta":{"ngg_post_thumbnail":0,"footnotes":""},"categories":[30],"tags":[],"_links":{"self":[{"href":"https:\/\/pp8.kluczbork.pl\/index.php?rest_route=\/wp\/v2\/posts\/4203"}],"collection":[{"href":"https:\/\/pp8.kluczbork.pl\/index.php?rest_route=\/wp\/v2\/posts"}],"about":[{"href":"https:\/\/pp8.kluczbork.pl\/index.php?rest_route=\/wp\/v2\/types\/post"}],"author":[{"embeddable":true,"href":"https:\/\/pp8.kluczbork.pl\/index.php?rest_route=\/wp\/v2\/users\/3"}],"replies":[{"embeddable":true,"href":"https:\/\/pp8.kluczbork.pl\/index.php?rest_route=%2Fwp%2Fv2%2Fcomments&post=4203"}],"version-history":[{"count":1,"href":"https:\/\/pp8.kluczbork.pl\/index.php?rest_route=\/wp\/v2\/posts\/4203\/revisions"}],"predecessor-version":[{"id":4204,"href":"https:\/\/pp8.kluczbork.pl\/index.php?rest_route=\/wp\/v2\/posts\/4203\/revisions\/4204"}],"wp:featuredmedia":[{"embeddable":true,"href":"https:\/\/pp8.kluczbork.pl\/index.php?rest_route=\/wp\/v2\/media\/4193"}],"wp:attachment":[{"href":"https:\/\/pp8.kluczbork.pl\/index.php?rest_route=%2Fwp%2Fv2%2Fmedia&parent=4203"}],"wp:term":[{"taxonomy":"category","embeddable":true,"href":"https:\/\/pp8.kluczbork.pl\/index.php?rest_route=%2Fwp%2Fv2%2Fcategories&post=4203"},{"taxonomy":"post_tag","embeddable":true,"href":"https:\/\/pp8.kluczbork.pl\/index.php?rest_route=%2Fwp%2Fv2%2Ftags&post=4203"}],"curies":[{"name":"wp","href":"https:\/\/api.w.org\/{rel}","templated":true}]}}