{"id":4158,"date":"2023-04-23T19:36:44","date_gmt":"2023-04-23T19:36:44","guid":{"rendered":"https:\/\/pp8.kluczbork.pl\/?p=4158"},"modified":"2023-04-23T19:38:22","modified_gmt":"2023-04-23T19:38:22","slug":"spartakiada-2023","status":"publish","type":"post","link":"https:\/\/pp8.kluczbork.pl\/?p=4158","title":{"rendered":"Spartakiada 2023"},"content":{"rendered":"<p style=\"text-align: center;\"><span style=\"font-family: 'comic sans ms', sans-serif; font-size: 14pt; color: #ff9900;\">Ju\u017c po raz kolejny nasze przedszkolaki bra\u0142y udzia\u0142 w sportowych zmaganiach<br \/>\npt. \u201d Integracyjna Spartakiada Powiatu 2023\u2033 organizowanej<br \/>\nprzez Publiczne Przedszkole nr 2 w Kluczborku.<\/span><br \/>\n<span style=\"font-family: 'comic sans ms', sans-serif; font-size: 14pt; color: #ff9900;\">W hali OSiR, 6 reprezentant\u00f3w z grupy \u201eM\u0105dre Sowy\u201d bra\u0142o udzia\u0142<br \/>\nw r\u00f3\u017cnych rywalizacjach sportowych. Ch\u0142opcy wspaniale poradzili sobie w ka\u017cdej konkurencji.<br \/>\nA reszta naszej grupy dopingowa\u0142a naszym dzieciom<br \/>\noraz \u201ezagrzewa\u0142a\u201d zawodnik\u00f3w do rywalizacji.<\/span><\/p>\n<p style=\"text-align: center;\"><a href=\"https:\/\/flic.kr\/s\/aHBqjAAMVZ\" target=\"_blank\" rel=\"noopener\"><strong><span style=\"font-family: 'comic sans ms', sans-serif; font-size: 14pt; color: #ff0000;\">Galeria zdj\u0119\u0107<\/span><\/strong><\/a><\/p>\n","protected":false},"excerpt":{"rendered":"<p>Ju\u017c po raz kolejny nasze przedszkolaki bra\u0142y udzia\u0142 w sportowych zmaganiach pt. \u201d Integracyjna Spartakiada Powiatu 2023\u2033 organizowanej przez Publiczne Przedszkole nr 2 w Kluczborku. W hali OSiR, 6 reprezentant\u00f3w z grupy \u201eM\u0105dre Sowy\u201d bra\u0142o udzia\u0142 w r\u00f3\u017cnych rywalizacjach sportowych. Ch\u0142opcy wspaniale poradzili sobie w ka\u017cdej konkurencji. A reszta naszej [&hellip;]<\/p>\n","protected":false},"author":15,"featured_media":4159,"comment_status":"open","ping_status":"open","sticky":false,"template":"","format":"standard","meta":{"ngg_post_thumbnail":0,"footnotes":""},"categories":[29],"tags":[],"_links":{"self":[{"href":"https:\/\/pp8.kluczbork.pl\/index.php?rest_route=\/wp\/v2\/posts\/4158"}],"collection":[{"href":"https:\/\/pp8.kluczbork.pl\/index.php?rest_route=\/wp\/v2\/posts"}],"about":[{"href":"https:\/\/pp8.kluczbork.pl\/index.php?rest_route=\/wp\/v2\/types\/post"}],"author":[{"embeddable":true,"href":"https:\/\/pp8.kluczbork.pl\/index.php?rest_route=\/wp\/v2\/users\/15"}],"replies":[{"embeddable":true,"href":"https:\/\/pp8.kluczbork.pl\/index.php?rest_route=%2Fwp%2Fv2%2Fcomments&post=4158"}],"version-history":[{"count":3,"href":"https:\/\/pp8.kluczbork.pl\/index.php?rest_route=\/wp\/v2\/posts\/4158\/revisions"}],"predecessor-version":[{"id":4162,"href":"https:\/\/pp8.kluczbork.pl\/index.php?rest_route=\/wp\/v2\/posts\/4158\/revisions\/4162"}],"wp:featuredmedia":[{"embeddable":true,"href":"https:\/\/pp8.kluczbork.pl\/index.php?rest_route=\/wp\/v2\/media\/4159"}],"wp:attachment":[{"href":"https:\/\/pp8.kluczbork.pl\/index.php?rest_route=%2Fwp%2Fv2%2Fmedia&parent=4158"}],"wp:term":[{"taxonomy":"category","embeddable":true,"href":"https:\/\/pp8.kluczbork.pl\/index.php?rest_route=%2Fwp%2Fv2%2Fcategories&post=4158"},{"taxonomy":"post_tag","embeddable":true,"href":"https:\/\/pp8.kluczbork.pl\/index.php?rest_route=%2Fwp%2Fv2%2Ftags&post=4158"}],"curies":[{"name":"wp","href":"https:\/\/api.w.org\/{rel}","templated":true}]}}