{"id":4141,"date":"2023-04-23T14:44:50","date_gmt":"2023-04-23T14:44:50","guid":{"rendered":"https:\/\/pp8.kluczbork.pl\/?p=4141"},"modified":"2023-04-23T14:52:46","modified_gmt":"2023-04-23T14:52:46","slug":"wiosenna-poezja-w-naszym-przedszkolu","status":"publish","type":"post","link":"https:\/\/pp8.kluczbork.pl\/?p=4141","title":{"rendered":"Wiosenna Poezja w Naszym Przedszkolu"},"content":{"rendered":"<p>&nbsp;<\/p>\n<p style=\"text-align: center\"><img loading=\"lazy\" decoding=\"async\" class=\"alignnone wp-image-4143 size-large\" src=\"https:\/\/pp8.kluczbork.pl\/wp-content\/uploads\/2023\/04\/IMG_9558-1024x768.jpeg\" alt=\"\" width=\"1024\" height=\"768\" srcset=\"https:\/\/pp8.kluczbork.pl\/wp-content\/uploads\/2023\/04\/IMG_9558-1024x768.jpeg 1024w, https:\/\/pp8.kluczbork.pl\/wp-content\/uploads\/2023\/04\/IMG_9558-300x225.jpeg 300w, https:\/\/pp8.kluczbork.pl\/wp-content\/uploads\/2023\/04\/IMG_9558-768x576.jpeg 768w, https:\/\/pp8.kluczbork.pl\/wp-content\/uploads\/2023\/04\/IMG_9558-1536x1152.jpeg 1536w, https:\/\/pp8.kluczbork.pl\/wp-content\/uploads\/2023\/04\/IMG_9558.jpeg 2048w\" sizes=\"(max-width: 1024px) 100vw, 1024px\" \/><\/p>\n<h4><span style=\"font-size: 14pt\"><strong><span style=\"font-family: 'comic sans ms', sans-serif\">W dniu <span style=\"color: #993300\">19 kwietnia 2023<\/span> nasze przedszkole odwiedzi\u0142a znana i ceniona poetka pani <\/span><span style=\"font-family: 'comic sans ms', sans-serif;color: #0000ff\">Agnieszka Chrobot.<\/span><\/strong><\/span><\/h4>\n<h4><span style=\"font-size: 14pt\"><strong><span style=\"font-family: 'comic sans ms', sans-serif\">Spotkanie z Pani\u0105 Agnieszk\u0105 by\u0142o niezwykle inspiruj\u0105ce i pe\u0142ne poezji. Dzieci mia\u0142y okazj\u0119 pozna\u0107 tw\u00f3rczo\u015b\u0107 Pani Agnieszki oraz wys\u0142ucha\u0107 kilku wierszy, kt\u00f3re napisa\u0142a. Spotkanie sta\u0142o si\u0119 tak\u017ce okazj\u0105 do przeczytania i rozmowy na temat polskich bajek.<\/span><\/strong><\/span><\/h4>\n<h4><span style=\"font-size: 14pt\"><strong><span style=\"font-family: 'comic sans ms', sans-serif\">Wizyta poetki by\u0142a dla naszego przedszkola wielkim wyr\u00f3\u017cnieniem oraz niezapomnianym prze\u017cyciem dla dzieci. Dzi\u0119kujemy Pani Agnieszce za wspania\u0142e spotkanie oraz cenne rady dla naszych maluch\u00f3w.<\/span><\/strong><\/span><\/h4>\n<h4><span style=\"font-size: 14pt\"><strong><span style=\"font-family: 'comic sans ms', sans-serif\">Zapraszamy do obejrzenia zdj\u0119\u0107 z wizyty Pani Agnieszki oraz do zapoznania si\u0119 z tw\u00f3rczo\u015bci\u0105 tej wyj\u0105tkowej poetki.<\/span><\/strong><\/span><\/h4>\n<p>&nbsp;<\/p>\n<p style=\"text-align: center\"><img loading=\"lazy\" decoding=\"async\" class=\"alignnone wp-image-4142 size-large\" src=\"https:\/\/pp8.kluczbork.pl\/wp-content\/uploads\/2023\/04\/IMG_9571-1024x768.jpeg\" alt=\"\" width=\"1024\" height=\"768\" srcset=\"https:\/\/pp8.kluczbork.pl\/wp-content\/uploads\/2023\/04\/IMG_9571-1024x768.jpeg 1024w, https:\/\/pp8.kluczbork.pl\/wp-content\/uploads\/2023\/04\/IMG_9571-300x225.jpeg 300w, https:\/\/pp8.kluczbork.pl\/wp-content\/uploads\/2023\/04\/IMG_9571-768x576.jpeg 768w, https:\/\/pp8.kluczbork.pl\/wp-content\/uploads\/2023\/04\/IMG_9571-1536x1152.jpeg 1536w, https:\/\/pp8.kluczbork.pl\/wp-content\/uploads\/2023\/04\/IMG_9571.jpeg 2048w\" sizes=\"(max-width: 1024px) 100vw, 1024px\" \/><\/p>\n<p><a href=\"https:\/\/flic.kr\/s\/aHBqjAARQN\"><strong>LINK DO ZDJ\u0118\u0106:<\/strong><\/a><\/p>\n","protected":false},"excerpt":{"rendered":"<p>&nbsp; W dniu 19 kwietnia 2023 nasze przedszkole odwiedzi\u0142a znana i ceniona poetka pani Agnieszka Chrobot. Spotkanie z Pani\u0105 Agnieszk\u0105 by\u0142o niezwykle inspiruj\u0105ce i pe\u0142ne poezji. Dzieci mia\u0142y okazj\u0119 pozna\u0107 tw\u00f3rczo\u015b\u0107 Pani Agnieszki oraz wys\u0142ucha\u0107 kilku wierszy, kt\u00f3re napisa\u0142a. Spotkanie sta\u0142o si\u0119 tak\u017ce okazj\u0105 do przeczytania i rozmowy na temat [&hellip;]<\/p>\n","protected":false},"author":11,"featured_media":4146,"comment_status":"open","ping_status":"open","sticky":false,"template":"","format":"standard","meta":{"ngg_post_thumbnail":0,"footnotes":""},"categories":[28],"tags":[],"_links":{"self":[{"href":"https:\/\/pp8.kluczbork.pl\/index.php?rest_route=\/wp\/v2\/posts\/4141"}],"collection":[{"href":"https:\/\/pp8.kluczbork.pl\/index.php?rest_route=\/wp\/v2\/posts"}],"about":[{"href":"https:\/\/pp8.kluczbork.pl\/index.php?rest_route=\/wp\/v2\/types\/post"}],"author":[{"embeddable":true,"href":"https:\/\/pp8.kluczbork.pl\/index.php?rest_route=\/wp\/v2\/users\/11"}],"replies":[{"embeddable":true,"href":"https:\/\/pp8.kluczbork.pl\/index.php?rest_route=%2Fwp%2Fv2%2Fcomments&post=4141"}],"version-history":[{"count":6,"href":"https:\/\/pp8.kluczbork.pl\/index.php?rest_route=\/wp\/v2\/posts\/4141\/revisions"}],"predecessor-version":[{"id":4156,"href":"https:\/\/pp8.kluczbork.pl\/index.php?rest_route=\/wp\/v2\/posts\/4141\/revisions\/4156"}],"wp:featuredmedia":[{"embeddable":true,"href":"https:\/\/pp8.kluczbork.pl\/index.php?rest_route=\/wp\/v2\/media\/4146"}],"wp:attachment":[{"href":"https:\/\/pp8.kluczbork.pl\/index.php?rest_route=%2Fwp%2Fv2%2Fmedia&parent=4141"}],"wp:term":[{"taxonomy":"category","embeddable":true,"href":"https:\/\/pp8.kluczbork.pl\/index.php?rest_route=%2Fwp%2Fv2%2Fcategories&post=4141"},{"taxonomy":"post_tag","embeddable":true,"href":"https:\/\/pp8.kluczbork.pl\/index.php?rest_route=%2Fwp%2Fv2%2Ftags&post=4141"}],"curies":[{"name":"wp","href":"https:\/\/api.w.org\/{rel}","templated":true}]}}