{"id":4137,"date":"2023-04-22T18:03:14","date_gmt":"2023-04-22T18:03:14","guid":{"rendered":"https:\/\/pp8.kluczbork.pl\/?p=4137"},"modified":"2023-04-22T18:03:14","modified_gmt":"2023-04-22T18:03:14","slug":"dzien-ziemi","status":"publish","type":"post","link":"https:\/\/pp8.kluczbork.pl\/?p=4137","title":{"rendered":"Dzie\u0144 Ziemi"},"content":{"rendered":"<p style=\"text-align: center\"><span style=\"color: #008000\"> 22 kwietnia to Mi\u0119dzynarodowy Dzie\u0144 Ziemi. To w\u0142a\u015bnie jest czas, aby zastanowi\u0107 si\u0119 jak chroni\u0107 nasz wsp\u00f3lny dom, nasz\u0105 planet\u0119 \u2013 ZIEMI\u0118!\u00a0<\/span><\/p>\n<p style=\"text-align: left\"><a href=\"https:\/\/flic.kr\/s\/aHBqjAALTs\">Galeria zdj\u0119\u0107<\/a><\/p>\n","protected":false},"excerpt":{"rendered":"<p>22 kwietnia to Mi\u0119dzynarodowy Dzie\u0144 Ziemi. To w\u0142a\u015bnie jest czas, aby zastanowi\u0107 si\u0119 jak chroni\u0107 nasz wsp\u00f3lny dom, nasz\u0105 planet\u0119 \u2013 ZIEMI\u0118!\u00a0 Galeria zdj\u0119\u0107<\/p>\n","protected":false},"author":4,"featured_media":4138,"comment_status":"open","ping_status":"open","sticky":false,"template":"","format":"standard","meta":{"ngg_post_thumbnail":0,"footnotes":""},"categories":[31],"tags":[],"_links":{"self":[{"href":"https:\/\/pp8.kluczbork.pl\/index.php?rest_route=\/wp\/v2\/posts\/4137"}],"collection":[{"href":"https:\/\/pp8.kluczbork.pl\/index.php?rest_route=\/wp\/v2\/posts"}],"about":[{"href":"https:\/\/pp8.kluczbork.pl\/index.php?rest_route=\/wp\/v2\/types\/post"}],"author":[{"embeddable":true,"href":"https:\/\/pp8.kluczbork.pl\/index.php?rest_route=\/wp\/v2\/users\/4"}],"replies":[{"embeddable":true,"href":"https:\/\/pp8.kluczbork.pl\/index.php?rest_route=%2Fwp%2Fv2%2Fcomments&post=4137"}],"version-history":[{"count":1,"href":"https:\/\/pp8.kluczbork.pl\/index.php?rest_route=\/wp\/v2\/posts\/4137\/revisions"}],"predecessor-version":[{"id":4139,"href":"https:\/\/pp8.kluczbork.pl\/index.php?rest_route=\/wp\/v2\/posts\/4137\/revisions\/4139"}],"wp:featuredmedia":[{"embeddable":true,"href":"https:\/\/pp8.kluczbork.pl\/index.php?rest_route=\/wp\/v2\/media\/4138"}],"wp:attachment":[{"href":"https:\/\/pp8.kluczbork.pl\/index.php?rest_route=%2Fwp%2Fv2%2Fmedia&parent=4137"}],"wp:term":[{"taxonomy":"category","embeddable":true,"href":"https:\/\/pp8.kluczbork.pl\/index.php?rest_route=%2Fwp%2Fv2%2Fcategories&post=4137"},{"taxonomy":"post_tag","embeddable":true,"href":"https:\/\/pp8.kluczbork.pl\/index.php?rest_route=%2Fwp%2Fv2%2Ftags&post=4137"}],"curies":[{"name":"wp","href":"https:\/\/api.w.org\/{rel}","templated":true}]}}