{"id":4127,"date":"2023-04-20T15:57:43","date_gmt":"2023-04-20T15:57:43","guid":{"rendered":"https:\/\/pp8.kluczbork.pl\/?p=4127"},"modified":"2023-04-20T19:56:27","modified_gmt":"2023-04-20T19:56:27","slug":"spartakiada","status":"publish","type":"post","link":"https:\/\/pp8.kluczbork.pl\/?p=4127","title":{"rendered":"Spartakiada."},"content":{"rendered":"<p><span style=\"font-family: 'comic sans ms', sans-serif; color: #333399;\">Ju\u017c po raz kolejny brali\u015bmy udzia\u0142 w Spartakiadzie przedszkolak\u00f3w w Kluczborku<br \/>\npt. &#8221; Integracyjna Spartakiada Powiatu 2023&#8243;<br \/>\n<\/span><span style=\"font-family: 'comic sans ms', sans-serif; color: #333399;\">organizowanej przez Przedszkole nr 2 w Kluczborku.<\/span><br \/>\n<span style=\"font-family: 'comic sans ms', sans-serif; color: #333399;\">W OSiR dzieci z grupy &#8222;Przyjaciele Kubusia&#8221; i &#8222;M\u0105dre Sowy&#8221;<br \/>\nbra\u0142y udzia\u0142 w r\u00f3\u017cnych rywalizacjach sportowych,<br \/>\n<\/span><span style=\"font-family: 'comic sans ms', sans-serif; color: #333399;\">dziewczynki za\u015b prezentowa\u0142y si\u0119 w ta\u0144cu z pomponami.<br \/>\n<\/span><span style=\"font-family: 'comic sans ms', sans-serif; color: #333399;\">Nasze cheerleaderki wspaniale reprezentowa\u0142y przedszkole przed tak du\u017cym audytorium.<\/span><br \/>\n<span style=\"font-family: 'comic sans ms', sans-serif; color: #333399;\">Wszyscy razem dopingowali\u015bmy naszym dzieciom, i nie tylko<br \/>\n<\/span><span style=\"font-family: 'comic sans ms', sans-serif; color: #333399;\">oraz &nbsp;&#8222;zagrzewali\u015bmy&#8221; zawodnik\u00f3w do rywalizacji.<\/span><br \/>\n<a href=\"https:\/\/flic.kr\/s\/aHBqjAAwRM\"><span style=\"color: #ff6600;\"><strong><span style=\"font-family: 'comic sans ms', sans-serif;\">Galeria zdj\u0119\u0107.<\/span><\/strong><\/span><\/a><br \/>\n<a href=\"https:\/\/youtu.be\/4-e9223ICrc\">FILM<\/a><br \/>\nWielkie Brawa!!!<\/p>\n","protected":false},"excerpt":{"rendered":"<p>Ju\u017c po raz kolejny brali\u015bmy udzia\u0142 w Spartakiadzie przedszkolak\u00f3w w Kluczborku pt. &#8221; Integracyjna Spartakiada Powiatu 2023&#8243; organizowanej przez Przedszkole nr 2 w Kluczborku. W OSiR dzieci z grupy &#8222;Przyjaciele Kubusia&#8221; i &#8222;M\u0105dre Sowy&#8221; bra\u0142y udzia\u0142 w r\u00f3\u017cnych rywalizacjach sportowych, dziewczynki za\u015b prezentowa\u0142y si\u0119 w ta\u0144cu z pomponami. Nasze cheerleaderki [&hellip;]<\/p>\n","protected":false},"author":3,"featured_media":4128,"comment_status":"open","ping_status":"open","sticky":false,"template":"","format":"standard","meta":{"ngg_post_thumbnail":0,"footnotes":""},"categories":[30,275],"tags":[],"_links":{"self":[{"href":"https:\/\/pp8.kluczbork.pl\/index.php?rest_route=\/wp\/v2\/posts\/4127"}],"collection":[{"href":"https:\/\/pp8.kluczbork.pl\/index.php?rest_route=\/wp\/v2\/posts"}],"about":[{"href":"https:\/\/pp8.kluczbork.pl\/index.php?rest_route=\/wp\/v2\/types\/post"}],"author":[{"embeddable":true,"href":"https:\/\/pp8.kluczbork.pl\/index.php?rest_route=\/wp\/v2\/users\/3"}],"replies":[{"embeddable":true,"href":"https:\/\/pp8.kluczbork.pl\/index.php?rest_route=%2Fwp%2Fv2%2Fcomments&post=4127"}],"version-history":[{"count":4,"href":"https:\/\/pp8.kluczbork.pl\/index.php?rest_route=\/wp\/v2\/posts\/4127\/revisions"}],"predecessor-version":[{"id":4135,"href":"https:\/\/pp8.kluczbork.pl\/index.php?rest_route=\/wp\/v2\/posts\/4127\/revisions\/4135"}],"wp:featuredmedia":[{"embeddable":true,"href":"https:\/\/pp8.kluczbork.pl\/index.php?rest_route=\/wp\/v2\/media\/4128"}],"wp:attachment":[{"href":"https:\/\/pp8.kluczbork.pl\/index.php?rest_route=%2Fwp%2Fv2%2Fmedia&parent=4127"}],"wp:term":[{"taxonomy":"category","embeddable":true,"href":"https:\/\/pp8.kluczbork.pl\/index.php?rest_route=%2Fwp%2Fv2%2Fcategories&post=4127"},{"taxonomy":"post_tag","embeddable":true,"href":"https:\/\/pp8.kluczbork.pl\/index.php?rest_route=%2Fwp%2Fv2%2Ftags&post=4127"}],"curies":[{"name":"wp","href":"https:\/\/api.w.org\/{rel}","templated":true}]}}