{"id":4124,"date":"2023-04-20T15:41:22","date_gmt":"2023-04-20T15:41:22","guid":{"rendered":"https:\/\/pp8.kluczbork.pl\/?p=4124"},"modified":"2023-04-20T15:41:22","modified_gmt":"2023-04-20T15:41:22","slug":"odwiedziny-poetki-pani-agnieszki-chrobot","status":"publish","type":"post","link":"https:\/\/pp8.kluczbork.pl\/?p=4124","title":{"rendered":"Odwiedziny poetki Pani Agnieszki Chrobot."},"content":{"rendered":"<p><strong><span style=\"font-family: 'comic sans ms', sans-serif;color: #003366\">Chwila z poezj\u0105 naszej kluczborskiej poetki Pani Agnieszki Chrobot.<\/span><\/strong><br \/>\n<span style=\"font-family: 'comic sans ms', sans-serif;color: #003366\">19.04.2023r go\u015bcili\u015bmy w naszym przedszkolu bardzo wyj\u0105tkowego go\u015bcia, poetk\u0119 Pani\u0105 Agnieszk\u0119 Chrobot. <\/span><br \/>\n<span style=\"font-family: 'comic sans ms', sans-serif;color: #003366\">Dla przedszkolak\u00f3w by\u0142o to niezwyk\u0142e wydarzenie. <\/span><br \/>\n<span style=\"font-family: 'comic sans ms', sans-serif;color: #003366\">Pani Agnieszka w przyst\u0119pny dla dzieci spos\u00f3b przedstawi\u0142a swoj\u0105 tw\u00f3rczo\u015b\u0107.<\/span><br \/>\n<span style=\"font-family: 'comic sans ms', sans-serif;color: #003366\">Przedszkolaki w skupieniu s\u0142ucha\u0142y wszystkich opowie\u015bci oraz czytanych przez go\u015bcia wierszy.<\/span><br \/>\n<span style=\"font-family: 'comic sans ms', sans-serif;color: #003366\">Pani Agnieszka napisa\u0142a wiersz m\u00f3wi\u0105cy o Kluczborkuznany naszym wychowankom.<\/span><br \/>\n<span style=\"font-family: 'comic sans ms', sans-serif;color: #003366\">Wychowawczynie wsp\u00f3lnie z dzie\u0107mi serdecznie podzi\u0119kowa\u0142y za wizyt\u0119 \u017cycz\u0105c <\/span><br \/>\n<span style=\"font-family: 'comic sans ms', sans-serif;color: #003366\">owocnej tw\u00f3rczo\u015bci i zapraszaj\u0105c na kolejne spotkania.<\/span><br \/>\n<a href=\"https:\/\/flic.kr\/s\/aHBqjAAvuH\"><span style=\"color: #ff6600\"><strong><span style=\"font-family: 'comic sans ms', sans-serif\">Galeria zdj\u0119\u0107.<\/span><\/strong><\/span><\/a><\/p>\n","protected":false},"excerpt":{"rendered":"<p>Chwila z poezj\u0105 naszej kluczborskiej poetki Pani Agnieszki Chrobot. 19.04.2023r go\u015bcili\u015bmy w naszym przedszkolu bardzo wyj\u0105tkowego go\u015bcia, poetk\u0119 Pani\u0105 Agnieszk\u0119 Chrobot. Dla przedszkolak\u00f3w by\u0142o to niezwyk\u0142e wydarzenie. Pani Agnieszka w przyst\u0119pny dla dzieci spos\u00f3b przedstawi\u0142a swoj\u0105 tw\u00f3rczo\u015b\u0107. Przedszkolaki w skupieniu s\u0142ucha\u0142y wszystkich opowie\u015bci oraz czytanych przez go\u015bcia wierszy. Pani Agnieszka [&hellip;]<\/p>\n","protected":false},"author":3,"featured_media":4125,"comment_status":"open","ping_status":"open","sticky":false,"template":"","format":"standard","meta":{"ngg_post_thumbnail":0,"footnotes":""},"categories":[30],"tags":[],"_links":{"self":[{"href":"https:\/\/pp8.kluczbork.pl\/index.php?rest_route=\/wp\/v2\/posts\/4124"}],"collection":[{"href":"https:\/\/pp8.kluczbork.pl\/index.php?rest_route=\/wp\/v2\/posts"}],"about":[{"href":"https:\/\/pp8.kluczbork.pl\/index.php?rest_route=\/wp\/v2\/types\/post"}],"author":[{"embeddable":true,"href":"https:\/\/pp8.kluczbork.pl\/index.php?rest_route=\/wp\/v2\/users\/3"}],"replies":[{"embeddable":true,"href":"https:\/\/pp8.kluczbork.pl\/index.php?rest_route=%2Fwp%2Fv2%2Fcomments&post=4124"}],"version-history":[{"count":1,"href":"https:\/\/pp8.kluczbork.pl\/index.php?rest_route=\/wp\/v2\/posts\/4124\/revisions"}],"predecessor-version":[{"id":4126,"href":"https:\/\/pp8.kluczbork.pl\/index.php?rest_route=\/wp\/v2\/posts\/4124\/revisions\/4126"}],"wp:featuredmedia":[{"embeddable":true,"href":"https:\/\/pp8.kluczbork.pl\/index.php?rest_route=\/wp\/v2\/media\/4125"}],"wp:attachment":[{"href":"https:\/\/pp8.kluczbork.pl\/index.php?rest_route=%2Fwp%2Fv2%2Fmedia&parent=4124"}],"wp:term":[{"taxonomy":"category","embeddable":true,"href":"https:\/\/pp8.kluczbork.pl\/index.php?rest_route=%2Fwp%2Fv2%2Fcategories&post=4124"},{"taxonomy":"post_tag","embeddable":true,"href":"https:\/\/pp8.kluczbork.pl\/index.php?rest_route=%2Fwp%2Fv2%2Ftags&post=4124"}],"curies":[{"name":"wp","href":"https:\/\/api.w.org\/{rel}","templated":true}]}}