{"id":4122,"date":"2023-04-20T15:22:10","date_gmt":"2023-04-20T15:22:10","guid":{"rendered":"https:\/\/pp8.kluczbork.pl\/?p=4122"},"modified":"2023-04-20T15:22:10","modified_gmt":"2023-04-20T15:22:10","slug":"konkurs-recytatorski-szlachetny-przedszkolak-2","status":"publish","type":"post","link":"https:\/\/pp8.kluczbork.pl\/?p=4122","title":{"rendered":"Konkurs recytatorski &#8222;Szlachetny przedszkolak&#8221;"},"content":{"rendered":"<p><span style=\"font-family: 'comic sans ms', sans-serif;color: #800000\">\u017byjemy w\u015br\u00f3d ludzi. Nasze liczne i wielostronne kontakty determinuj\u0105 obyczaje,<\/span><br \/>\n<span style=\"font-family: 'comic sans ms', sans-serif;color: #800000\">w\u015br\u00f3d kt\u00f3rych wyr\u00f3\u017cniamy regu\u0142y dobrego wychowania.<\/span><br \/>\n<span style=\"font-family: 'comic sans ms', sans-serif;color: #800000\">Nie powinno na co dzie\u0144 zabrakn\u0105\u0107 takich s\u0142\u00f3w jak: &#8222;prosz\u0119&#8221;, &#8222;dzi\u0119kuj\u0119&#8221;, &#8222;przepraszam&#8221;.<\/span><br \/>\n<span style=\"font-family: 'comic sans ms', sans-serif;color: #800000\">Warto wi\u0119c ju\u017c od najm\u0142odszych lat uczy\u0107 dzieci norm kulturalnego zachowania.\u00a0 \u00a0 \u00a0 \u00a0 \u00a0 \u00a0 \u00a0 \u00a0 \u00a0 \u00a0 \u00a0 \u00a0 \u00a0 \u00a0 \u00a0 \u00a0 \u00a0 \u00a0 \u00a0 \u00a0 \u00a0 \u00a0 \u00a0 \u00a0 \u00a0 \u00a0 \u00a0 \u00a0 \u00a0 \u00a0 \u00a0 \u00a0 \u00a0 \u00a0 \u00a0 \u00a0 \u00a0 \u00a0 \u00a0 \u00a0 \u00a0 \u00a0 <\/span><span style=\"font-family: 'comic sans ms', sans-serif;color: #800000\">Co pokazali\u015bmy na konkursie recytatorskim &#8222;Szlachetny przedszkolak&#8221;.<br \/>\nPrzedmiotem konkursu by\u0142y wierszyki, po\u015bwi\u0119cone w\/w tematyce wykonane przez dzieci i dla dzieci.<br \/>\n<a href=\"https:\/\/flic.kr\/s\/aHBqjAAAnm\"><span style=\"color: #ff6600\"><strong>Zapraszam do galerii.\u00a0<\/strong><\/span><\/a><\/span><\/p>\n","protected":false},"excerpt":{"rendered":"<p>\u017byjemy w\u015br\u00f3d ludzi. Nasze liczne i wielostronne kontakty determinuj\u0105 obyczaje, w\u015br\u00f3d kt\u00f3rych wyr\u00f3\u017cniamy regu\u0142y dobrego wychowania. Nie powinno na co dzie\u0144 zabrakn\u0105\u0107 takich s\u0142\u00f3w jak: &#8222;prosz\u0119&#8221;, &#8222;dzi\u0119kuj\u0119&#8221;, &#8222;przepraszam&#8221;. Warto wi\u0119c ju\u017c od najm\u0142odszych lat uczy\u0107 dzieci norm kulturalnego zachowania.\u00a0 \u00a0 \u00a0 \u00a0 \u00a0 \u00a0 \u00a0 \u00a0 \u00a0 \u00a0 \u00a0 \u00a0 [&hellip;]<\/p>\n","protected":false},"author":3,"featured_media":4116,"comment_status":"open","ping_status":"open","sticky":false,"template":"","format":"standard","meta":{"ngg_post_thumbnail":0,"footnotes":""},"categories":[30],"tags":[],"_links":{"self":[{"href":"https:\/\/pp8.kluczbork.pl\/index.php?rest_route=\/wp\/v2\/posts\/4122"}],"collection":[{"href":"https:\/\/pp8.kluczbork.pl\/index.php?rest_route=\/wp\/v2\/posts"}],"about":[{"href":"https:\/\/pp8.kluczbork.pl\/index.php?rest_route=\/wp\/v2\/types\/post"}],"author":[{"embeddable":true,"href":"https:\/\/pp8.kluczbork.pl\/index.php?rest_route=\/wp\/v2\/users\/3"}],"replies":[{"embeddable":true,"href":"https:\/\/pp8.kluczbork.pl\/index.php?rest_route=%2Fwp%2Fv2%2Fcomments&post=4122"}],"version-history":[{"count":1,"href":"https:\/\/pp8.kluczbork.pl\/index.php?rest_route=\/wp\/v2\/posts\/4122\/revisions"}],"predecessor-version":[{"id":4123,"href":"https:\/\/pp8.kluczbork.pl\/index.php?rest_route=\/wp\/v2\/posts\/4122\/revisions\/4123"}],"wp:featuredmedia":[{"embeddable":true,"href":"https:\/\/pp8.kluczbork.pl\/index.php?rest_route=\/wp\/v2\/media\/4116"}],"wp:attachment":[{"href":"https:\/\/pp8.kluczbork.pl\/index.php?rest_route=%2Fwp%2Fv2%2Fmedia&parent=4122"}],"wp:term":[{"taxonomy":"category","embeddable":true,"href":"https:\/\/pp8.kluczbork.pl\/index.php?rest_route=%2Fwp%2Fv2%2Fcategories&post=4122"},{"taxonomy":"post_tag","embeddable":true,"href":"https:\/\/pp8.kluczbork.pl\/index.php?rest_route=%2Fwp%2Fv2%2Ftags&post=4122"}],"curies":[{"name":"wp","href":"https:\/\/api.w.org\/{rel}","templated":true}]}}