{"id":4115,"date":"2023-04-16T20:45:44","date_gmt":"2023-04-16T20:45:44","guid":{"rendered":"https:\/\/pp8.kluczbork.pl\/?p=4115"},"modified":"2023-04-16T20:45:44","modified_gmt":"2023-04-16T20:45:44","slug":"konkurs-recytatorski","status":"publish","type":"post","link":"https:\/\/pp8.kluczbork.pl\/?p=4115","title":{"rendered":"Konkurs Recytatorski"},"content":{"rendered":"<p>Dnia 14.04.2023r. w naszym przedszkolu odby\u0142 si\u0119\u00a0 konkurs recytatorski\u00a0 pt. \u201eSzlachetny Przedszkolak\u201d. W konkursie wzi\u0119\u0142o udzia\u0142 7 uczestnik\u00f3w. G\u0142\u00f3wnymi celami konkursu by\u0142a popularyzacja literatury dzieci\u0119cej o tematyce promuj\u0105cej dobre zachowanie oraz rozwijanie predyspozycji i talentu recytatorskiego dzieci w wieku przedszkolnym. Podczas wyst\u0119p\u00f3w na scenie dzieci\u00a0 wspaniale zaprezentowa\u0142y si\u0119 w znanych i mniej znanych wierszach promuj\u0105cych szlachetne postawy. Konkurs dostarczy\u0142 przedszkolakom wielu wra\u017ce\u0144 i prze\u017cy\u0107, a przede wszystkim dobrej zabawy. Wszyscy uczestnicy konkursu otrzymali dyplom oraz nagrody w postaci ksi\u0105\u017cek i s\u0142odko\u015bci.<\/p>\n<p><a href=\"https:\/\/flic.kr\/s\/aHBqjAA5t8\">LINK DO ZDJ\u0118\u0106<\/a><\/p>\n","protected":false},"excerpt":{"rendered":"<p>Dnia 14.04.2023r. w naszym przedszkolu odby\u0142 si\u0119\u00a0 konkurs recytatorski\u00a0 pt. \u201eSzlachetny Przedszkolak\u201d. W konkursie wzi\u0119\u0142o udzia\u0142 7 uczestnik\u00f3w. G\u0142\u00f3wnymi celami konkursu by\u0142a popularyzacja literatury dzieci\u0119cej o tematyce promuj\u0105cej dobre zachowanie oraz rozwijanie predyspozycji i talentu recytatorskiego dzieci w wieku przedszkolnym. Podczas wyst\u0119p\u00f3w na scenie dzieci\u00a0 wspaniale zaprezentowa\u0142y si\u0119 w znanych [&hellip;]<\/p>\n","protected":false},"author":18,"featured_media":4116,"comment_status":"open","ping_status":"open","sticky":false,"template":"","format":"standard","meta":{"ngg_post_thumbnail":0,"footnotes":""},"categories":[279,275],"tags":[],"_links":{"self":[{"href":"https:\/\/pp8.kluczbork.pl\/index.php?rest_route=\/wp\/v2\/posts\/4115"}],"collection":[{"href":"https:\/\/pp8.kluczbork.pl\/index.php?rest_route=\/wp\/v2\/posts"}],"about":[{"href":"https:\/\/pp8.kluczbork.pl\/index.php?rest_route=\/wp\/v2\/types\/post"}],"author":[{"embeddable":true,"href":"https:\/\/pp8.kluczbork.pl\/index.php?rest_route=\/wp\/v2\/users\/18"}],"replies":[{"embeddable":true,"href":"https:\/\/pp8.kluczbork.pl\/index.php?rest_route=%2Fwp%2Fv2%2Fcomments&post=4115"}],"version-history":[{"count":1,"href":"https:\/\/pp8.kluczbork.pl\/index.php?rest_route=\/wp\/v2\/posts\/4115\/revisions"}],"predecessor-version":[{"id":4117,"href":"https:\/\/pp8.kluczbork.pl\/index.php?rest_route=\/wp\/v2\/posts\/4115\/revisions\/4117"}],"wp:featuredmedia":[{"embeddable":true,"href":"https:\/\/pp8.kluczbork.pl\/index.php?rest_route=\/wp\/v2\/media\/4116"}],"wp:attachment":[{"href":"https:\/\/pp8.kluczbork.pl\/index.php?rest_route=%2Fwp%2Fv2%2Fmedia&parent=4115"}],"wp:term":[{"taxonomy":"category","embeddable":true,"href":"https:\/\/pp8.kluczbork.pl\/index.php?rest_route=%2Fwp%2Fv2%2Fcategories&post=4115"},{"taxonomy":"post_tag","embeddable":true,"href":"https:\/\/pp8.kluczbork.pl\/index.php?rest_route=%2Fwp%2Fv2%2Ftags&post=4115"}],"curies":[{"name":"wp","href":"https:\/\/api.w.org\/{rel}","templated":true}]}}