{"id":4087,"date":"2023-04-15T18:37:19","date_gmt":"2023-04-15T18:37:19","guid":{"rendered":"https:\/\/pp8.kluczbork.pl\/?p=4087"},"modified":"2023-04-15T18:39:48","modified_gmt":"2023-04-15T18:39:48","slug":"konkurs-recytatorski-szlachetny-przedszkolak","status":"publish","type":"post","link":"https:\/\/pp8.kluczbork.pl\/?p=4087","title":{"rendered":"Konkurs Recytatorski &#8222;Szlachetny Przedszkolak&#8221;"},"content":{"rendered":"<p style=\"text-align: center;\"><span style=\"font-family: 'comic sans ms', sans-serif; font-size: 14pt; color: #357cf0;\">W pi\u0105tek 14 kwietnia w naszym przedszkolu odby\u0142 si\u0119 Konkurs Recytatorski &#8222;Szlachetny Przedszkolak&#8221;.<br \/>\nCelem konkursu by\u0142o popularyzowanie poezji dzieci\u0119cej, prezentowanie umiej\u0119tno\u015bci dzieci,<br \/>\njak r\u00f3wnie\u017c zach\u0119canie do wyst\u0119p\u00f3w przed publiczno\u015bci\u0105.&nbsp;<\/span><\/p>\n<p style=\"text-align: center;\"><span style=\"font-family: 'comic sans ms', sans-serif; font-size: 14pt; color: #357cf0;\">Wszyscy uczestnicy konkursu wykazali si\u0119 niebywa\u0142ymi zdolno\u015bciami recytatorskimi.<br \/>\nSerdecznie gratulujemy wszystkim dzieciom!&nbsp;<\/span><\/p>\n<p style=\"text-align: center;\"><span style=\"font-family: 'comic sans ms', sans-serif; font-size: 14pt; color: #357cf0;\">Zach\u0119camy do obejrzenia filmik\u00f3w z wyst\u0119p\u00f3w dzieci oraz zdj\u0119\u0107 z tego wydarzenia.<\/span><\/p>\n<p style=\"text-align: center;\"><a href=\"https:\/\/flic.kr\/s\/aHBqjAzWNn\" target=\"_blank\" rel=\"noopener\"><span style=\"font-size: 18pt; color: #f52749;\"><strong><span style=\"font-family: 'comic sans ms', sans-serif;\">Galeria<\/span><\/strong><\/span><\/a><\/p>\n","protected":false},"excerpt":{"rendered":"<p>W pi\u0105tek 14 kwietnia w naszym przedszkolu odby\u0142 si\u0119 Konkurs Recytatorski &#8222;Szlachetny Przedszkolak&#8221;. Celem konkursu by\u0142o popularyzowanie poezji dzieci\u0119cej, prezentowanie umiej\u0119tno\u015bci dzieci, jak r\u00f3wnie\u017c zach\u0119canie do wyst\u0119p\u00f3w przed publiczno\u015bci\u0105.&nbsp; Wszyscy uczestnicy konkursu wykazali si\u0119 niebywa\u0142ymi zdolno\u015bciami recytatorskimi. Serdecznie gratulujemy wszystkim dzieciom!&nbsp; Zach\u0119camy do obejrzenia filmik\u00f3w z wyst\u0119p\u00f3w dzieci oraz zdj\u0119\u0107 [&hellip;]<\/p>\n","protected":false},"author":15,"featured_media":4088,"comment_status":"open","ping_status":"open","sticky":false,"template":"","format":"standard","meta":{"ngg_post_thumbnail":0,"footnotes":""},"categories":[275],"tags":[],"_links":{"self":[{"href":"https:\/\/pp8.kluczbork.pl\/index.php?rest_route=\/wp\/v2\/posts\/4087"}],"collection":[{"href":"https:\/\/pp8.kluczbork.pl\/index.php?rest_route=\/wp\/v2\/posts"}],"about":[{"href":"https:\/\/pp8.kluczbork.pl\/index.php?rest_route=\/wp\/v2\/types\/post"}],"author":[{"embeddable":true,"href":"https:\/\/pp8.kluczbork.pl\/index.php?rest_route=\/wp\/v2\/users\/15"}],"replies":[{"embeddable":true,"href":"https:\/\/pp8.kluczbork.pl\/index.php?rest_route=%2Fwp%2Fv2%2Fcomments&post=4087"}],"version-history":[{"count":3,"href":"https:\/\/pp8.kluczbork.pl\/index.php?rest_route=\/wp\/v2\/posts\/4087\/revisions"}],"predecessor-version":[{"id":4091,"href":"https:\/\/pp8.kluczbork.pl\/index.php?rest_route=\/wp\/v2\/posts\/4087\/revisions\/4091"}],"wp:featuredmedia":[{"embeddable":true,"href":"https:\/\/pp8.kluczbork.pl\/index.php?rest_route=\/wp\/v2\/media\/4088"}],"wp:attachment":[{"href":"https:\/\/pp8.kluczbork.pl\/index.php?rest_route=%2Fwp%2Fv2%2Fmedia&parent=4087"}],"wp:term":[{"taxonomy":"category","embeddable":true,"href":"https:\/\/pp8.kluczbork.pl\/index.php?rest_route=%2Fwp%2Fv2%2Fcategories&post=4087"},{"taxonomy":"post_tag","embeddable":true,"href":"https:\/\/pp8.kluczbork.pl\/index.php?rest_route=%2Fwp%2Fv2%2Ftags&post=4087"}],"curies":[{"name":"wp","href":"https:\/\/api.w.org\/{rel}","templated":true}]}}