{"id":4063,"date":"2023-04-10T13:42:05","date_gmt":"2023-04-10T13:42:05","guid":{"rendered":"https:\/\/pp8.kluczbork.pl\/?p=4063"},"modified":"2023-04-10T18:20:15","modified_gmt":"2023-04-10T18:20:15","slug":"4063","status":"publish","type":"post","link":"https:\/\/pp8.kluczbork.pl\/?p=4063","title":{"rendered":"Wycieczka do Biblioteki"},"content":{"rendered":"<p><img loading=\"lazy\" decoding=\"async\" class=\"aligncenter wp-image-4064 size-large\" src=\"https:\/\/pp8.kluczbork.pl\/wp-content\/uploads\/2023\/04\/IMG_9189-1024x768.jpeg\" alt=\"\" width=\"1024\" height=\"768\" srcset=\"https:\/\/pp8.kluczbork.pl\/wp-content\/uploads\/2023\/04\/IMG_9189-1024x768.jpeg 1024w, https:\/\/pp8.kluczbork.pl\/wp-content\/uploads\/2023\/04\/IMG_9189-300x225.jpeg 300w, https:\/\/pp8.kluczbork.pl\/wp-content\/uploads\/2023\/04\/IMG_9189-768x576.jpeg 768w, https:\/\/pp8.kluczbork.pl\/wp-content\/uploads\/2023\/04\/IMG_9189-1536x1152.jpeg 1536w, https:\/\/pp8.kluczbork.pl\/wp-content\/uploads\/2023\/04\/IMG_9189.jpeg 2048w\" sizes=\"(max-width: 1024px) 100vw, 1024px\" \/><\/p>\n<p><span style=\"font-family: 'comic sans ms', sans-serif;color: #800000;font-size: 14pt\">W dniu 5 kwietnia dzieci z grupy\u00a0<em><strong>\u201eKubusie\u201d<\/strong><\/em>\u00a0wybra\u0142y si\u0119 na wycieczk\u0119 do\u00a0<strong>Miejskiej i Gminnej Biblioteki w Kluczborku.<\/strong><\/span><\/p>\n<p><span style=\"font-family: 'comic sans ms', sans-serif;color: #000080;font-size: 14pt\">Dzieci dowiedzia\u0142y si\u0119, co nale\u017cy zrobi\u0107, aby sta\u0107 si\u0119 czytelnikiem biblioteki oraz jak nale\u017cy si\u0119 w niej zachowa\u0107.\u00a0 Zobaczy\u0142y tak\u017ce jak wygl\u0105da karta czytelnika oraz pozna\u0142y zasady wypo\u017cyczania ksi\u0105\u017cek. W trakcie pobytu w bibliotece, przedszkolaki rozwi\u0105zywa\u0142y zagadki zwi\u0105zane z postaciami z bajek i ba\u015bni, z kt\u00f3rymi znakomicie sobie poradzi\u0142y.<\/span><\/p>\n<p><span style=\"font-family: 'comic sans ms', sans-serif;color: #008000;font-size: 14pt\">Pani bibliotekarka pokaza\u0142a tak\u017ce maluchom, gdzie znajduje si\u0119 przeznaczony specjalnie dla nich rega\u0142 z ksi\u0105\u017ckami a nast\u0119pnie zaprezentowa\u0142a i da\u0142a do obejrzenia dzieciom ksi\u0105\u017ceczki z dzia\u0142u dzieci\u0119cego. Przedszkolakom bardzo spodoba\u0142y si\u0119 kolorowe i bogato ilustrowane ksi\u0105\u017cki, kt\u00f3re z ch\u0119ci\u0105 ogl\u0105da\u0142y.<\/span><\/p>\n<p><img loading=\"lazy\" decoding=\"async\" class=\"alignnone wp-image-4066 size-medium\" src=\"https:\/\/pp8.kluczbork.pl\/wp-content\/uploads\/2023\/04\/IMG_9345-300x225.jpeg\" alt=\"\" width=\"300\" height=\"225\" srcset=\"https:\/\/pp8.kluczbork.pl\/wp-content\/uploads\/2023\/04\/IMG_9345-300x225.jpeg 300w, https:\/\/pp8.kluczbork.pl\/wp-content\/uploads\/2023\/04\/IMG_9345-1024x768.jpeg 1024w, https:\/\/pp8.kluczbork.pl\/wp-content\/uploads\/2023\/04\/IMG_9345-768x576.jpeg 768w, https:\/\/pp8.kluczbork.pl\/wp-content\/uploads\/2023\/04\/IMG_9345-1536x1152.jpeg 1536w, https:\/\/pp8.kluczbork.pl\/wp-content\/uploads\/2023\/04\/IMG_9345.jpeg 2048w\" sizes=\"(max-width: 300px) 100vw, 300px\" \/><\/p>\n<p><span style=\"font-family: 'comic sans ms', sans-serif;color: #ff6600;font-size: 14pt\">Na zako\u0144czenie odby\u0142o si\u0119 wspania\u0142e wydarzenie dla najm\u0142odszych czytelnik\u00f3w &#8211; teatrzyk KAMISHIBAI &#8211; tradycyjna japo\u0144ska forma teatru obrazkowego. Kubusie obejrza\u0142y spektakl pt. \u201eGroszek\u201d, kt\u00f3ry toczy\u0142 swoje przygody w\u015br\u00f3d ro\u015blin, drzew i zwierz\u0105t. Dzieci z zainteresowaniem s\u0142ucha\u0142y historii i z uwag\u0105 przygl\u0105da\u0142y si\u0119 obrazkom. W trakcie spektaklu, Pani bibliotekarka, wcielaj\u0105ca si\u0119 w postacie z historii, wprawi\u0142a dzieci w zachwyt i nieustaj\u0105ce u\u015bmiechy.<\/span><\/p>\n<p style=\"text-align: center\"><img loading=\"lazy\" decoding=\"async\" class=\"alignnone size-medium wp-image-4065\" src=\"https:\/\/pp8.kluczbork.pl\/wp-content\/uploads\/2023\/04\/IMG_9270-300x225.jpeg\" alt=\"\" width=\"300\" height=\"225\" srcset=\"https:\/\/pp8.kluczbork.pl\/wp-content\/uploads\/2023\/04\/IMG_9270-300x225.jpeg 300w, https:\/\/pp8.kluczbork.pl\/wp-content\/uploads\/2023\/04\/IMG_9270-1024x768.jpeg 1024w, https:\/\/pp8.kluczbork.pl\/wp-content\/uploads\/2023\/04\/IMG_9270-768x576.jpeg 768w, https:\/\/pp8.kluczbork.pl\/wp-content\/uploads\/2023\/04\/IMG_9270-1536x1152.jpeg 1536w, https:\/\/pp8.kluczbork.pl\/wp-content\/uploads\/2023\/04\/IMG_9270.jpeg 2048w\" sizes=\"(max-width: 300px) 100vw, 300px\" \/><\/p>\n<p><span style=\"font-family: 'comic sans ms', sans-serif;color: #ff00ff;font-size: 14pt\">Po zako\u0144czeniu spektaklu, dzieci mia\u0142y okazj\u0119 popracowa\u0107 na zaj\u0119ciach plastycznych, tworz\u0105c swoje w\u0142asne postaci z opowie\u015bci.<\/span><\/p>\n<p style=\"text-align: right\"><img loading=\"lazy\" decoding=\"async\" class=\"size-medium wp-image-4067 alignnone\" src=\"https:\/\/pp8.kluczbork.pl\/wp-content\/uploads\/2023\/04\/IMG_9314-225x300.jpeg\" alt=\"\" width=\"225\" height=\"300\" srcset=\"https:\/\/pp8.kluczbork.pl\/wp-content\/uploads\/2023\/04\/IMG_9314-225x300.jpeg 225w, https:\/\/pp8.kluczbork.pl\/wp-content\/uploads\/2023\/04\/IMG_9314-768x1024.jpeg 768w, https:\/\/pp8.kluczbork.pl\/wp-content\/uploads\/2023\/04\/IMG_9314-1152x1536.jpeg 1152w, https:\/\/pp8.kluczbork.pl\/wp-content\/uploads\/2023\/04\/IMG_9314.jpeg 1536w\" sizes=\"(max-width: 225px) 100vw, 225px\" \/><\/p>\n<p><span style=\"font-family: 'comic sans ms', sans-serif;color: #333333;font-size: 14pt\">Kubusie opuszcza\u0142y bibliotek\u0119 z u\u015bmiechem na twarzy i z wielk\u0105 ochot\u0105, by wr\u00f3ci\u0107 na kolejne spotkanie.<\/span><\/p>\n<p><a href=\"https:\/\/flic.kr\/s\/aHBqjAzavm\"><span style=\"font-size: 14pt;font-family: 'comic sans ms', sans-serif;color: #ff0000\">Zapraszamy do naszej galerii&#8230;<\/span><\/a><\/p>\n","protected":false},"excerpt":{"rendered":"<p>W dniu 5 kwietnia dzieci z grupy\u00a0\u201eKubusie\u201d\u00a0wybra\u0142y si\u0119 na wycieczk\u0119 do\u00a0Miejskiej i Gminnej Biblioteki w Kluczborku. Dzieci dowiedzia\u0142y si\u0119, co nale\u017cy zrobi\u0107, aby sta\u0107 si\u0119 czytelnikiem biblioteki oraz jak nale\u017cy si\u0119 w niej zachowa\u0107.\u00a0 Zobaczy\u0142y tak\u017ce jak wygl\u0105da karta czytelnika oraz pozna\u0142y zasady wypo\u017cyczania ksi\u0105\u017cek. W trakcie pobytu w bibliotece, [&hellip;]<\/p>\n","protected":false},"author":11,"featured_media":4068,"comment_status":"open","ping_status":"open","sticky":false,"template":"","format":"standard","meta":{"ngg_post_thumbnail":0,"footnotes":""},"categories":[28],"tags":[],"_links":{"self":[{"href":"https:\/\/pp8.kluczbork.pl\/index.php?rest_route=\/wp\/v2\/posts\/4063"}],"collection":[{"href":"https:\/\/pp8.kluczbork.pl\/index.php?rest_route=\/wp\/v2\/posts"}],"about":[{"href":"https:\/\/pp8.kluczbork.pl\/index.php?rest_route=\/wp\/v2\/types\/post"}],"author":[{"embeddable":true,"href":"https:\/\/pp8.kluczbork.pl\/index.php?rest_route=\/wp\/v2\/users\/11"}],"replies":[{"embeddable":true,"href":"https:\/\/pp8.kluczbork.pl\/index.php?rest_route=%2Fwp%2Fv2%2Fcomments&post=4063"}],"version-history":[{"count":3,"href":"https:\/\/pp8.kluczbork.pl\/index.php?rest_route=\/wp\/v2\/posts\/4063\/revisions"}],"predecessor-version":[{"id":4070,"href":"https:\/\/pp8.kluczbork.pl\/index.php?rest_route=\/wp\/v2\/posts\/4063\/revisions\/4070"}],"wp:featuredmedia":[{"embeddable":true,"href":"https:\/\/pp8.kluczbork.pl\/index.php?rest_route=\/wp\/v2\/media\/4068"}],"wp:attachment":[{"href":"https:\/\/pp8.kluczbork.pl\/index.php?rest_route=%2Fwp%2Fv2%2Fmedia&parent=4063"}],"wp:term":[{"taxonomy":"category","embeddable":true,"href":"https:\/\/pp8.kluczbork.pl\/index.php?rest_route=%2Fwp%2Fv2%2Fcategories&post=4063"},{"taxonomy":"post_tag","embeddable":true,"href":"https:\/\/pp8.kluczbork.pl\/index.php?rest_route=%2Fwp%2Fv2%2Ftags&post=4063"}],"curies":[{"name":"wp","href":"https:\/\/api.w.org\/{rel}","templated":true}]}}