{"id":4047,"date":"2023-04-10T11:55:04","date_gmt":"2023-04-10T11:55:04","guid":{"rendered":"https:\/\/pp8.kluczbork.pl\/?p=4047"},"modified":"2023-04-10T13:11:59","modified_gmt":"2023-04-10T13:11:59","slug":"4047","status":"publish","type":"post","link":"https:\/\/pp8.kluczbork.pl\/?p=4047","title":{"rendered":"Wielkanocny Zaj\u0105czek"},"content":{"rendered":"<p style=\"text-align: center\"><img loading=\"lazy\" decoding=\"async\" class=\"alignnone wp-image-4053 size-full\" src=\"https:\/\/pp8.kluczbork.pl\/wp-content\/uploads\/2023\/04\/b701b41663dec4f0a81f8e86bb19e923.gif\" alt=\"\" width=\"680\" height=\"567\" \/><\/p>\n<p><span style=\"font-family: 'comic sans ms', sans-serif;color: #993300;font-size: 14pt\">Jedn\u0105 z najmilszych i najprzyjemniejszych w naszym przedszkolu tradycji zwi\u0105zanych ze <strong>\u015awi\u0119tami Wielkanocnymi<\/strong>, s\u0105 dla dzieci odwiedziny <strong>\u201eZaj\u0105czka\u201d.<\/strong> We wtorek, <strong>4 kwietnia,<\/strong> <strong>Kubusie<\/strong> z niecierpliwo\u015bci\u0105 oczekiwa\u0142y na przyj\u015bcie mi\u0142ego go\u015bcia, kt\u00f3ry mia\u0142 przyj\u015b\u0107 z koszyczkami pe\u0142nymi prezent\u00f3w i ukry\u0107 je na terenie przedszkolnego placu zabaw. Dzieci wypatrywa\u0142y go z napi\u0119ciem, a gdy w ko\u0144cu si\u0119 pojawi\u0142, zacz\u0119\u0142y szuka\u0107 upomink\u00f3w. Wypieki na twarzy i rado\u015b\u0107 by\u0142y nie do opisania, gdy znajdowa\u0142y kolejne koszyczki z prezentami. Zaj\u0105czek z pewno\u015bci\u0105 sprawi\u0142 dzieciom wiele rado\u015bci i zapewni\u0142 im wspania\u0142\u0105 zabaw\u0119 tego dnia- kolejny zaj\u0105czek za rok!<\/span><\/p>\n<p><span style=\"font-family: 'comic sans ms', sans-serif;color: #99cc00;font-size: 14pt\"><strong>Serdecznie dzi\u0119kujemy za prezenty<\/strong>!<\/span><\/p>\n<p>&nbsp;<\/p>\n<p style=\"text-align: center\"><img loading=\"lazy\" decoding=\"async\" class=\"alignnone wp-image-4055 size-large\" src=\"https:\/\/pp8.kluczbork.pl\/wp-content\/uploads\/2023\/04\/IMG_9158-1024x768.jpeg\" alt=\"\" width=\"1024\" height=\"768\" srcset=\"https:\/\/pp8.kluczbork.pl\/wp-content\/uploads\/2023\/04\/IMG_9158-1024x768.jpeg 1024w, https:\/\/pp8.kluczbork.pl\/wp-content\/uploads\/2023\/04\/IMG_9158-300x225.jpeg 300w, https:\/\/pp8.kluczbork.pl\/wp-content\/uploads\/2023\/04\/IMG_9158-768x576.jpeg 768w, https:\/\/pp8.kluczbork.pl\/wp-content\/uploads\/2023\/04\/IMG_9158-1536x1152.jpeg 1536w, https:\/\/pp8.kluczbork.pl\/wp-content\/uploads\/2023\/04\/IMG_9158.jpeg 2048w\" sizes=\"(max-width: 1024px) 100vw, 1024px\" \/><\/p>\n<p style=\"text-align: center\"><span style=\"color: #000080;font-size: 14pt\"><strong><span style=\"font-family: 'comic sans ms', sans-serif\">\u017byczymy wszystkim radosnej i b\u0142ogos\u0142awionej Wielkanocy, pe\u0142nej nadziei, mi\u0142o\u015bci i pokoju. Niech ten \u015bwi\u0105teczny czas przyniesie Wam wiele u\u015bmiechu, wspania\u0142ych chwil z rodzin\u0105 i przyjaci\u00f3\u0142mi oraz mn\u00f3stwo pysznych jajek, mazurk\u00f3w i innych tradycyjnych polskich potraw. Weso\u0142ych \u015awi\u0105t Wielkanocnych!<\/span><\/strong><\/span><\/p>\n<p>&nbsp;<\/p>\n<p><span style=\"font-size: 14pt\"><a href=\"https:\/\/www.flickr.com\/gp\/195264360@N02\/g339k625fk\"><strong><span style=\"color: #ff00ff\">Zapraszamy do naszej Galerii&#8230;<\/span><\/strong><\/a><\/span><\/p>\n","protected":false},"excerpt":{"rendered":"<p>Jedn\u0105 z najmilszych i najprzyjemniejszych w naszym przedszkolu tradycji zwi\u0105zanych ze \u015awi\u0119tami Wielkanocnymi, s\u0105 dla dzieci odwiedziny \u201eZaj\u0105czka\u201d. We wtorek, 4 kwietnia, Kubusie z niecierpliwo\u015bci\u0105 oczekiwa\u0142y na przyj\u015bcie mi\u0142ego go\u015bcia, kt\u00f3ry mia\u0142 przyj\u015b\u0107 z koszyczkami pe\u0142nymi prezent\u00f3w i ukry\u0107 je na terenie przedszkolnego placu zabaw. Dzieci wypatrywa\u0142y go z napi\u0119ciem, [&hellip;]<\/p>\n","protected":false},"author":11,"featured_media":3998,"comment_status":"open","ping_status":"open","sticky":false,"template":"","format":"standard","meta":{"ngg_post_thumbnail":0,"footnotes":""},"categories":[28],"tags":[],"_links":{"self":[{"href":"https:\/\/pp8.kluczbork.pl\/index.php?rest_route=\/wp\/v2\/posts\/4047"}],"collection":[{"href":"https:\/\/pp8.kluczbork.pl\/index.php?rest_route=\/wp\/v2\/posts"}],"about":[{"href":"https:\/\/pp8.kluczbork.pl\/index.php?rest_route=\/wp\/v2\/types\/post"}],"author":[{"embeddable":true,"href":"https:\/\/pp8.kluczbork.pl\/index.php?rest_route=\/wp\/v2\/users\/11"}],"replies":[{"embeddable":true,"href":"https:\/\/pp8.kluczbork.pl\/index.php?rest_route=%2Fwp%2Fv2%2Fcomments&post=4047"}],"version-history":[{"count":9,"href":"https:\/\/pp8.kluczbork.pl\/index.php?rest_route=\/wp\/v2\/posts\/4047\/revisions"}],"predecessor-version":[{"id":4062,"href":"https:\/\/pp8.kluczbork.pl\/index.php?rest_route=\/wp\/v2\/posts\/4047\/revisions\/4062"}],"wp:featuredmedia":[{"embeddable":true,"href":"https:\/\/pp8.kluczbork.pl\/index.php?rest_route=\/wp\/v2\/media\/3998"}],"wp:attachment":[{"href":"https:\/\/pp8.kluczbork.pl\/index.php?rest_route=%2Fwp%2Fv2%2Fmedia&parent=4047"}],"wp:term":[{"taxonomy":"category","embeddable":true,"href":"https:\/\/pp8.kluczbork.pl\/index.php?rest_route=%2Fwp%2Fv2%2Fcategories&post=4047"},{"taxonomy":"post_tag","embeddable":true,"href":"https:\/\/pp8.kluczbork.pl\/index.php?rest_route=%2Fwp%2Fv2%2Ftags&post=4047"}],"curies":[{"name":"wp","href":"https:\/\/api.w.org\/{rel}","templated":true}]}}