{"id":4033,"date":"2023-04-07T11:40:35","date_gmt":"2023-04-07T11:40:35","guid":{"rendered":"https:\/\/pp8.kluczbork.pl\/?p=4033"},"modified":"2023-04-07T11:40:35","modified_gmt":"2023-04-07T11:40:35","slug":"swiateczny-koszyczek-wielkanocny","status":"publish","type":"post","link":"https:\/\/pp8.kluczbork.pl\/?p=4033","title":{"rendered":"\u015aWI\u0104TECZNY KOSZYCZEK WIELKANOCNY"},"content":{"rendered":"<p>05.04.2023<\/p>\n<p>Dzi\u015b wraz z dzie\u0107mi malowali\u015bmy i ozdabiali\u015bmy pisanki wielkanocne oraz piekli\u015bmy babeczki .<\/p>\n<p><a href=\"https:\/\/flic.kr\/s\/aHBqjAyUtk\">Link do zdj\u0119\u0107<\/a><\/p>\n","protected":false},"excerpt":{"rendered":"<p>05.04.2023 Dzi\u015b wraz z dzie\u0107mi malowali\u015bmy i ozdabiali\u015bmy pisanki wielkanocne oraz piekli\u015bmy babeczki . Link do zdj\u0119\u0107<\/p>\n","protected":false},"author":2,"featured_media":4034,"comment_status":"open","ping_status":"open","sticky":false,"template":"","format":"standard","meta":{"ngg_post_thumbnail":0,"footnotes":""},"categories":[32],"tags":[],"_links":{"self":[{"href":"https:\/\/pp8.kluczbork.pl\/index.php?rest_route=\/wp\/v2\/posts\/4033"}],"collection":[{"href":"https:\/\/pp8.kluczbork.pl\/index.php?rest_route=\/wp\/v2\/posts"}],"about":[{"href":"https:\/\/pp8.kluczbork.pl\/index.php?rest_route=\/wp\/v2\/types\/post"}],"author":[{"embeddable":true,"href":"https:\/\/pp8.kluczbork.pl\/index.php?rest_route=\/wp\/v2\/users\/2"}],"replies":[{"embeddable":true,"href":"https:\/\/pp8.kluczbork.pl\/index.php?rest_route=%2Fwp%2Fv2%2Fcomments&post=4033"}],"version-history":[{"count":1,"href":"https:\/\/pp8.kluczbork.pl\/index.php?rest_route=\/wp\/v2\/posts\/4033\/revisions"}],"predecessor-version":[{"id":4035,"href":"https:\/\/pp8.kluczbork.pl\/index.php?rest_route=\/wp\/v2\/posts\/4033\/revisions\/4035"}],"wp:featuredmedia":[{"embeddable":true,"href":"https:\/\/pp8.kluczbork.pl\/index.php?rest_route=\/wp\/v2\/media\/4034"}],"wp:attachment":[{"href":"https:\/\/pp8.kluczbork.pl\/index.php?rest_route=%2Fwp%2Fv2%2Fmedia&parent=4033"}],"wp:term":[{"taxonomy":"category","embeddable":true,"href":"https:\/\/pp8.kluczbork.pl\/index.php?rest_route=%2Fwp%2Fv2%2Fcategories&post=4033"},{"taxonomy":"post_tag","embeddable":true,"href":"https:\/\/pp8.kluczbork.pl\/index.php?rest_route=%2Fwp%2Fv2%2Ftags&post=4033"}],"curies":[{"name":"wp","href":"https:\/\/api.w.org\/{rel}","templated":true}]}}